{"id":14551,"date":"2023-09-19T12:47:53","date_gmt":"2023-09-19T15:47:53","guid":{"rendered":"https:\/\/hostnetart.com.br\/baixada\/trabalhadores-voltam-a-protestar-contra-juros-altos-em-todo-o-brasil\/"},"modified":"2023-09-19T12:47:53","modified_gmt":"2023-09-19T15:47:53","slug":"trabalhadores-voltam-a-protestar-contra-juros-altos-em-todo-o-brasil","status":"publish","type":"post","link":"https:\/\/hostnetart.com.br\/baixada\/trabalhadores-voltam-a-protestar-contra-juros-altos-em-todo-o-brasil\/","title":{"rendered":"Trabalhadores voltam a protestar contra juros altos em todo o Brasil"},"content":{"rendered":"<p>Na pr\u00f3xima quarta-feira (20), data em que o Comit\u00ea de Pol\u00edtica Monet\u00e1ria (Copom) do Banco Central (BC) deve anunciar mudan\u00e7as nas altas taxas de juros da economia brasileira (Selic), trabalhadores voltam \u00e0s ruas para pedir juros baixos.<\/p>\n<p>A economista da subse\u00e7\u00e3o do Dieese, na Confedera\u00e7\u00e3o Nacional dos Trabalhadores no Ramo Financeiro (Contraf-CUT), Vivian Machado, ressalta que a expectativa do mercado \u00e9 de mais uma queda de 0,5%. Com isso, a Selic passaria dos atuais 13,25% para 12,75%. <\/p>\n<p>\u201cLembrando que essa ser\u00e1 a <a href=\"https:\/\/contrafcut.com.br\/noticias\/apos-intensa-pressao-copom-anuncia-queda-de-selic-para-1325\/\" target=\"_blank\" rel=\"noopener noreferrer\">segunda queda consecutiva da taxa Selic <\/a>depois de o Banco Central ter praticado, durante tr\u00eas anos, um aumento do \u00edndice que alcan\u00e7ou seu ponto m\u00e1ximo, em mais de 20 anos, em agosto do ano passado (13,75%) e se manteve assim durante um ano. Isso fez com que o pa\u00eds passasse a ter o maior n\u00edvel do mundo de juro real (que \u00e9 o resultado da Selic menos a infla\u00e7\u00e3o), afetando negativamente a economia e a gera\u00e7\u00e3o de emprego\u201d, completou.<\/p>\n<h3><strong>Press\u00e3o dos trabalhadores<\/strong><\/h3>\n<p>A Contraf-CUT faz parte das entidades que est\u00e3o articulando manifesta\u00e7\u00f5es nas redes sociais e nas ruas, no pr\u00f3ximo encontro do Copom. \u201c<a href=\"https:\/\/contrafcut.com.br\/noticias\/cut-chama-todos-para-atos-contra-juros-altos-nesta-terca-21\/\" target=\"_blank\" rel=\"noopener noreferrer\">No primeiro semestre do ano<\/a>, iniciamos a campanha #JurosBaixosJ\u00e1, chamando a aten\u00e7\u00e3o da sociedade, <a href=\"https:\/\/www.youtube.com\/watch?v=XLLxvkA50bo&amp;t=2s\" target=\"_blank\" rel=\"noopener noreferrer\">com v\u00eddeos e <em>cards<\/em> educativos<\/a>, sobre o impacto dessa pol\u00edtica de juros extorsivos praticada pelo Banco Central e que impedem a gera\u00e7\u00e3o de emprego e que o trabalhador tenha recursos para comprar sua casa pr\u00f3pria, seu carro\u201d, destacou a presidenta da Contraf-CUT e vice-presidenta da CUT, Juvandia Moreira.<\/p>\n<p>\u201cPor que uma Selic menor \u00e9 t\u00e3o importante para a economia brasileira e principalmente para os trabalhadores? Porque estimula o investimento produtivo e a gera\u00e7\u00e3o de emprego e renda. Os juros definidos pelo Banco Central s\u00e3o repassados para os clientes de todo o sistema financeiro. Ent\u00e3o, com a Selic alta, fica mais alto o custo do cr\u00e9dito para as pessoas e para as empresas, significa pagar mais caro pela casa pr\u00f3pria, pelo carro. Logo, o inverso tamb\u00e9m acontece: a Selic mais baixa dinamiza a economia e melhora a vida da popula\u00e7\u00e3o e do setor produtivo, com mais recurso para gastar e investir\u201d, explicou Juvandia.<\/p>\n<h3><strong>Selic razo\u00e1vel<\/strong><\/h3>\n<p>O economista Ladislau Dowbor, professor da PUC S\u00e3o Paulo, calcula que uma taxa b\u00e1sica de juros razo\u00e1vel para o pa\u00eds seria de 6% a 5% (menos da metade da atual), o que daria em termos de juros reais 1,5% de lucro, como \u00e9 praticada em pa\u00edses da Europa e pelos Estados Unidos. \u201cOs rentistas, que s\u00e3o uma minoria, ganham aqui no Brasil 8,5% de juros sem fazer nada, sem produzir nada. \u00c9 um esc\u00e2ndalo\u201d, alertou.<\/p>\n<p>J\u00e1 o economista Marcelo Manzano, professor da Unicamp, avalia que um patamar razo\u00e1vel para o juro real no pa\u00eds seria entre 3% e 5%. \u201cOs pa\u00edses da OCDE [Organiza\u00e7\u00e3o para a Coopera\u00e7\u00e3o e Desenvolvimento Econ\u00f4mico, que re\u00fane 38 pa\u00edses de economias mais avan\u00e7adas] trabalham com juros mais baixos, mas infelizmente temos uma moeda menos valorizada, e isso obriga o pa\u00eds a trabalhar com um juro maior. Se baixar demais pode ocorrer a fuga de capital financeiro, pois seria mais confort\u00e1vel para os investidores manterem o dinheiro no exterior. Ainda assim, a atual taxa praticada pelo BC \u00e9 desproporcional\u201d, explicou em <a href=\"https:\/\/www.cut.org.br\/noticias\/juros-precisam-baixar-pela-metade-para-o-pais-crescer-dizem-economistas-84a5\" target=\"_blank\" rel=\"noopener noreferrer\">entrevista ao site da CUT<\/a>.<\/p>\n<h3><strong>Entenda<\/strong><\/h3>\n<ul>\n<li>O Copom, entidade do BC, se re\u00fane por dois dias, a cada 45 dias, para definir a taxa b\u00e1sica de juros do pa\u00eds, chamada Selic. O pr\u00f3ximo encontro ser\u00e1 nos dias 19 e 20 de setembro.<\/li>\n<li>A Selic mais alta aumenta o custo de vida do trabalhador, os empr\u00e9stimos para pessoa f\u00edsica e empresas e tamb\u00e9m a d\u00edvida do Estado, pois impacta nos juros dos t\u00edtulos p\u00fablicos.<\/li>\n<li>Os principais beneficiados com a Selic elevada s\u00e3o, portanto, os detentores dos t\u00edtulos da d\u00edvida p\u00fablica, que atualmente s\u00e3o as institui\u00e7\u00f5es financeiras.<\/li>\n<li>Diante do quadro, movimentos sociais, incluindo o movimento sindical, realizam desde o in\u00edcio do ano manifesta\u00e7\u00f5es e campanhas com o <em>hashtag<\/em> #JurosBaixosJ\u00e1.<\/li>\n<li>Em tr\u00eas anos, desde que Roberto Campos Neto assumiu a presid\u00eancia do BC, a Selic passou de 2% ao ano, em janeiro de 2021, para 13,75% em agosto de 2022 \u2013 n\u00edvel mantido at\u00e9 agosto deste ano quando, finalmente, o Copom reduziu em 0,50% o \u00edndice.<\/li>\n<li>A expectativa do mercado, na pr\u00f3xima reuni\u00e3o, \u00e9 de um novo corte de 0,50% e que, continuando a tend\u00eancia de corte, a Selic alcance 11,75% no final do ano.<\/li>\n<li>Economistas de tend\u00eancia desenvolvimentista, entretanto, avaliam que uma taxa b\u00e1sica de juros razo\u00e1vel deveria, pelo menos, estar no patamar de um d\u00edgito.<\/li>\n<\/ul>\n<h3><strong>Manifesta\u00e7\u00f5es<\/strong><\/h3>\n<p>Os atos do dia 20 est\u00e3o sendo convocados, na maioria dos locais, a partir das 10h (de Bras\u00edlia), com concentra\u00e7\u00e3o em frente dos pr\u00e9dios do Banco Central, nas cidades onde a entidade possui sede. Nas cidades onde o Banco Central n\u00e3o tem sede, os sindicatos devem chamar a concentra\u00e7\u00e3o para locais de grande circula\u00e7\u00e3o.<\/p>\n<p>J\u00e1 as a\u00e7\u00f5es de rede sociais ser\u00e3o concentradas das 11h \u00e0s 12h, com a <em>hashtag <\/em>#JurosBaixosJ\u00e1, e sempre marcando o Banco Central (@BancoCentralBR) nas postagens.<\/p>\n<p><strong>Confira os endere\u00e7os para manifesta\u00e7\u00f5es em frente \u00e0s sedes do Banco Central:<\/strong><\/p>\n<p>\u2013 Bras\u00edlia (DF): Setor Banc\u00e1rio Sul (SBS), Quadra 3 Bloco B \u2013 Ed. Sede. Bras\u00edlia;<br \/>\u2013 Bel\u00e9m (PA): Boulevard Castilhos Fran\u00e7a, 708 \u2013 Campina;<br \/>\u2013 Belo Horizonte (MG): Av. \u00c1lvares Cabral, 1.605 \u2013 Santo Agostinho;<br \/>\u2013 Curitiba (PR): Av. C\u00e2ndido de Abreu, 344 \u2013 Centro C\u00edvico;<br \/>\u2013 Fortaleza (CE): Av. Her\u00e1clito Gra\u00e7a, 273 \u2013 Centro;<br \/>\u2013 Porto Alegre (RS): Rua 7 de Setembro, 586 \u2013 Centro;<br \/>\u2013 Rio de Janeiro (RJ): Av. Presidente Vargas, 730 \u2013 Centro;<br \/>\u2013 Salvador (BA): 1\u00aa Avenida, 160 \u2013 Centro Administrativo da Bahia (CAB);<br \/>\u2013 S\u00e3o Paulo (SP): Av. Paulista, 1.804 \u2013 Bela Vista.<\/p>\n<p>Em Recife (PE) as manifesta\u00e7\u00f5es ocorrer\u00e3o \u00e0 partir das <strong>6h20<\/strong>, na Esta\u00e7\u00e3o Central de Metr\u00f4 do Recife.<\/p>\n<p><strong>Fonte: Contraf-CUT<\/strong><\/p>\n","protected":false},"excerpt":{"rendered":"<p>Na pr\u00f3xima quarta-feira (20), data em que o Comit\u00ea de Pol\u00edtica Monet\u00e1ria (Copom) do Banco Central (BC) deve anunciar mudan\u00e7as nas altas taxas de juros da economia brasileira (Selic), trabalhadores voltam \u00e0s ruas para pedir juros baixos. A economista da subse\u00e7\u00e3o do Dieese, na Confedera\u00e7\u00e3o Nacional dos Trabalhadores no Ramo Financeiro (Contraf-CUT), Vivian Machado, ressalta [&hellip;]<\/p>\n","protected":false},"author":2,"featured_media":14550,"comment_status":"","ping_status":"","sticky":false,"template":"","format":"standard","meta":{"footnotes":""},"categories":[3],"tags":[],"class_list":["post-14551","post","type-post","status-publish","format-standard","has-post-thumbnail","hentry","category-noticias"],"_links":{"self":[{"href":"https:\/\/hostnetart.com.br\/baixada\/wp-json\/wp\/v2\/posts\/14551","targetHints":{"allow":["GET"]}}],"collection":[{"href":"https:\/\/hostnetart.com.br\/baixada\/wp-json\/wp\/v2\/posts"}],"about":[{"href":"https:\/\/hostnetart.com.br\/baixada\/wp-json\/wp\/v2\/types\/post"}],"author":[{"embeddable":true,"href":"https:\/\/hostnetart.com.br\/baixada\/wp-json\/wp\/v2\/users\/2"}],"replies":[{"embeddable":true,"href":"https:\/\/hostnetart.com.br\/baixada\/wp-json\/wp\/v2\/comments?post=14551"}],"version-history":[{"count":0,"href":"https:\/\/hostnetart.com.br\/baixada\/wp-json\/wp\/v2\/posts\/14551\/revisions"}],"wp:featuredmedia":[{"embeddable":true,"href":"https:\/\/hostnetart.com.br\/baixada\/wp-json\/wp\/v2\/media\/14550"}],"wp:attachment":[{"href":"https:\/\/hostnetart.com.br\/baixada\/wp-json\/wp\/v2\/media?parent=14551"}],"wp:term":[{"taxonomy":"category","embeddable":true,"href":"https:\/\/hostnetart.com.br\/baixada\/wp-json\/wp\/v2\/categories?post=14551"},{"taxonomy":"post_tag","embeddable":true,"href":"https:\/\/hostnetart.com.br\/baixada\/wp-json\/wp\/v2\/tags?post=14551"}],"curies":[{"name":"wp","href":"https:\/\/api.w.org\/{rel}","templated":true}]}}