{"id":14549,"date":"2023-09-18T15:30:08","date_gmt":"2023-09-18T18:30:08","guid":{"rendered":"https:\/\/hostnetart.com.br\/baixada\/bradesco-paga-plr-dia-22-de-setembro-e-13-cesta-no-dia-10-de-outubro\/"},"modified":"2023-09-18T15:30:08","modified_gmt":"2023-09-18T18:30:08","slug":"bradesco-paga-plr-dia-22-de-setembro-e-13-cesta-no-dia-10-de-outubro","status":"publish","type":"post","link":"https:\/\/hostnetart.com.br\/baixada\/bradesco-paga-plr-dia-22-de-setembro-e-13-cesta-no-dia-10-de-outubro\/","title":{"rendered":"Bradesco paga PLR dia 22 de setembro e 13\u00aa cesta no dia 10 de outubro"},"content":{"rendered":"<p>O Bradesco informou na manh\u00e3 desta segunda-feira (18) que realizar\u00e1 o pagamento da Participa\u00e7\u00e3o nos Lucros e Resultados (PLR) no dia 22 de setembro, pr\u00f3xima sexta-feira. A 13\u00aa cesta alimenta\u00e7\u00e3o tamb\u00e9m ser\u00e1 antecipada, com pagamento agendado para 10 de outubro.<\/p>\n<p>A coordenadora Comiss\u00e3o de Organiza\u00e7\u00e3o dos Empregados (COE), Magaly Fagundes, explica que o banco atendeu uma reivindica\u00e7\u00e3o do movimento sindical, que pediu a antecipa\u00e7\u00e3o dos pagamentos. \u201cA PLR \u00e9 uma conquista muito importante da organiza\u00e7\u00e3o e luta da nossa categoria, assim como a 13\u00aa cesta alimenta\u00e7\u00e3o, outra importante conquista, assegurada no Acordo Coletivo de Trabalho (ACT) dos banc\u00e1rios\u201d.<\/p>\n<h3>Dinheiro no bolso<\/h3>\n<p>De acordo com a Conven\u00e7\u00e3o Coletiva de Trabalho da Categoria (CCT), o valor da antecipa\u00e7\u00e3o da PLR \u00e9 composto por uma parcela correspondente \u00e0 \u201cRegra B\u00e1sica\u201d e uma \u201cParcela Adicional\u201d. Pela \u201cRegra B\u00e1sica\u201d, ser\u00e1 pago o valor correspondente a 54% do sal\u00e1rio-base mais verbas fixas de natureza salarial, vigentes no dia 1\u00ba de setembro de 2022, al\u00e9m do valor fixo, tudo corrigido pelo INPC de setembro de 2022 a agosto de 2023, mais aumento real de 0,5%. O valor tem um teto, que tamb\u00e9m ser\u00e1 corrigido segundo o mesmo \u00edndice.<\/p>\n<p>Pela \u201cParcela Adicional\u201d, o valor ser\u00e1 determinado pela divis\u00e3o em partes iguais entre os funcion\u00e1rios eleg\u00edveis, de acordo com as regras da CCT, do equivalente a 2,2% do lucro l\u00edquido do banco apurado no 1\u00ba semestre de 2023. Na parcela adicional tamb\u00e9m existe um limite que deve ser corrigido.<\/p>\n<p><strong>Fonte: Contraf-CUT<\/strong><\/p>\n","protected":false},"excerpt":{"rendered":"<p>O Bradesco informou na manh\u00e3 desta segunda-feira (18) que realizar\u00e1 o pagamento da Participa\u00e7\u00e3o nos Lucros e Resultados (PLR) no dia 22 de setembro, pr\u00f3xima sexta-feira. A 13\u00aa cesta alimenta\u00e7\u00e3o tamb\u00e9m ser\u00e1 antecipada, com pagamento agendado para 10 de outubro. A coordenadora Comiss\u00e3o de Organiza\u00e7\u00e3o dos Empregados (COE), Magaly Fagundes, explica que o banco atendeu [&hellip;]<\/p>\n","protected":false},"author":2,"featured_media":14548,"comment_status":"","ping_status":"","sticky":false,"template":"","format":"standard","meta":{"footnotes":""},"categories":[3],"tags":[],"class_list":["post-14549","post","type-post","status-publish","format-standard","has-post-thumbnail","hentry","category-noticias"],"_links":{"self":[{"href":"https:\/\/hostnetart.com.br\/baixada\/wp-json\/wp\/v2\/posts\/14549","targetHints":{"allow":["GET"]}}],"collection":[{"href":"https:\/\/hostnetart.com.br\/baixada\/wp-json\/wp\/v2\/posts"}],"about":[{"href":"https:\/\/hostnetart.com.br\/baixada\/wp-json\/wp\/v2\/types\/post"}],"author":[{"embeddable":true,"href":"https:\/\/hostnetart.com.br\/baixada\/wp-json\/wp\/v2\/users\/2"}],"replies":[{"embeddable":true,"href":"https:\/\/hostnetart.com.br\/baixada\/wp-json\/wp\/v2\/comments?post=14549"}],"version-history":[{"count":0,"href":"https:\/\/hostnetart.com.br\/baixada\/wp-json\/wp\/v2\/posts\/14549\/revisions"}],"wp:featuredmedia":[{"embeddable":true,"href":"https:\/\/hostnetart.com.br\/baixada\/wp-json\/wp\/v2\/media\/14548"}],"wp:attachment":[{"href":"https:\/\/hostnetart.com.br\/baixada\/wp-json\/wp\/v2\/media?parent=14549"}],"wp:term":[{"taxonomy":"category","embeddable":true,"href":"https:\/\/hostnetart.com.br\/baixada\/wp-json\/wp\/v2\/categories?post=14549"},{"taxonomy":"post_tag","embeddable":true,"href":"https:\/\/hostnetart.com.br\/baixada\/wp-json\/wp\/v2\/tags?post=14549"}],"curies":[{"name":"wp","href":"https:\/\/api.w.org\/{rel}","templated":true}]}}