{"id":14543,"date":"2023-09-15T14:04:59","date_gmt":"2023-09-15T17:04:59","guid":{"rendered":"https:\/\/hostnetart.com.br\/baixada\/dirigentes-do-sindicato-dos-bancarios-da-baixada-fluminense-participam-de-curso-de-formacao-sindical\/"},"modified":"2023-09-15T14:04:59","modified_gmt":"2023-09-15T17:04:59","slug":"dirigentes-do-sindicato-dos-bancarios-da-baixada-fluminense-participam-de-curso-de-formacao-sindical","status":"publish","type":"post","link":"https:\/\/hostnetart.com.br\/baixada\/dirigentes-do-sindicato-dos-bancarios-da-baixada-fluminense-participam-de-curso-de-formacao-sindical\/","title":{"rendered":"Dirigentes do Sindicato dos Banc\u00e1rios da Baixada Fluminense participam de Curso de Forma\u00e7\u00e3o Sindical"},"content":{"rendered":"<p>O Sindicato dos Banc\u00e1rios da Baixada Fluminense est\u00e1 participando do &#8220;Curso de Forma\u00e7\u00e3o Sindical: Introdu\u00e7\u00e3o \u00e0 Hist\u00f3ria do Movimento Sindical e as Ferramentas de Luta \u2013 M\u00f3dulo I&#8221;, realizado pela Secretaria de Forma\u00e7\u00e3o da Fetraf-RJ\/ES, junto com Secretaria de Forma\u00e7\u00e3o da Contraf-CUT.<\/p>\n<p>O curso acontece nos dias 15 e 16 de Setembro, na Sede da Fetraf RJ\/ES, no Centro do Rio de Janeiro, e o Sindicato est\u00e1 representado pelos diretores e diretoras: Cl\u00e1udio Leite,\u00a0Eliane de Castro,\u00a0Jo\u00e3o Marcelo,\u00a0M\u00e1rcio Sarmento,\u00a0Jefferson Maia,\u00a0M\u00e1rcio Wanderley,\u00a0Marco Ant\u00f4nio,\u00a0Renata Soeiro,\u00a0Ricardo S\u00e1,\u00a0Roberto Domingos,\u00a0Solange Viana e Elizabeth Paradela.<\/p>\n<p>O evento, voltado para todos\u00a0os dirigentes sindicais da base da Federa\u00e7\u00e3o, principalmente, para novos e novas dirigentes, ou que ainda n\u00e3o tinham participado de atividades formativas,\u00a0ocorre na Sede da Fetraf RJ\/ES, no Centro do Rio de Janeiro.<\/p>\n<p>Representantes dos sete Sindicatos filiados \u00e0 Federa\u00e7\u00e3o estiveram presentes:\u00a0Angra dos Reis, Baixada Fluminense, Esp\u00edrito Santo, Itaperuna, Maca\u00e9, Nova Friburgo e Tr\u00eas Rios.<\/p>\n<p>A Contraf-CUT esteve representada pelo Secret\u00e1rio de Forma\u00e7\u00e3o, Rafael Zanon, e do Professor de Hist\u00f3ria e Formador da entidade, Jos\u00e9 Luis Vasquinho Paredes.<\/p>\n<p>Uma convidada especial tamb\u00e9m participou do evento: Nair Jane Lima, que j\u00e1 foi Presidenta do Sindicato das Dom\u00e9sticas do Rio de Janeiro.\u00a0<\/p>\n<p><span style=\"text-decoration: underline;\">O CURSO<\/span><\/p>\n<p>Os temas debatidos neste primeiro m\u00f3dulo s\u00e3o voltados para a atua\u00e7\u00e3o sindical da categoria e para o entendimento da economia. O conte\u00fado contempla v\u00e1rios momentos da hist\u00f3ria sindical e do movimento banc\u00e1rio. O programa tamb\u00e9m inclui ferramentas de a\u00e7\u00e3o, inclusive as mais modernas, como redes sociais, com incentivo ao seu uso.<\/p>\n<p>O\u00a0curso utiliza a\u00a0metodologia que tem como base os estudos de Paulo Freire e Lev Vygotsky e tem como percurso a constru\u00e7\u00e3o do conte\u00fado realizada de forma interativa, a partir da media\u00e7\u00e3o do formador, com a utiliza\u00e7\u00e3o de diferentes estrat\u00e9gias educativas, a partir de debates direcionados, textos, v\u00eddeos, informa\u00e7\u00f5es e depoimentos orais, com a participa\u00e7\u00e3o ativa dos dirigentes inscritos no curso.<\/p>\n<p><strong>Fonte: Fetraf RJ\/ES<\/strong><\/p>\n","protected":false},"excerpt":{"rendered":"<p>O Sindicato dos Banc\u00e1rios da Baixada Fluminense est\u00e1 participando do &#8220;Curso de Forma\u00e7\u00e3o Sindical: Introdu\u00e7\u00e3o \u00e0 Hist\u00f3ria do Movimento Sindical e as Ferramentas de Luta \u2013 M\u00f3dulo I&#8221;, realizado pela Secretaria de Forma\u00e7\u00e3o da Fetraf-RJ\/ES, junto com Secretaria de Forma\u00e7\u00e3o da Contraf-CUT. O curso acontece nos dias 15 e 16 de Setembro, na Sede da [&hellip;]<\/p>\n","protected":false},"author":2,"featured_media":14542,"comment_status":"","ping_status":"","sticky":false,"template":"","format":"standard","meta":{"footnotes":""},"categories":[3],"tags":[],"class_list":["post-14543","post","type-post","status-publish","format-standard","has-post-thumbnail","hentry","category-noticias"],"_links":{"self":[{"href":"https:\/\/hostnetart.com.br\/baixada\/wp-json\/wp\/v2\/posts\/14543","targetHints":{"allow":["GET"]}}],"collection":[{"href":"https:\/\/hostnetart.com.br\/baixada\/wp-json\/wp\/v2\/posts"}],"about":[{"href":"https:\/\/hostnetart.com.br\/baixada\/wp-json\/wp\/v2\/types\/post"}],"author":[{"embeddable":true,"href":"https:\/\/hostnetart.com.br\/baixada\/wp-json\/wp\/v2\/users\/2"}],"replies":[{"embeddable":true,"href":"https:\/\/hostnetart.com.br\/baixada\/wp-json\/wp\/v2\/comments?post=14543"}],"version-history":[{"count":0,"href":"https:\/\/hostnetart.com.br\/baixada\/wp-json\/wp\/v2\/posts\/14543\/revisions"}],"wp:featuredmedia":[{"embeddable":true,"href":"https:\/\/hostnetart.com.br\/baixada\/wp-json\/wp\/v2\/media\/14542"}],"wp:attachment":[{"href":"https:\/\/hostnetart.com.br\/baixada\/wp-json\/wp\/v2\/media?parent=14543"}],"wp:term":[{"taxonomy":"category","embeddable":true,"href":"https:\/\/hostnetart.com.br\/baixada\/wp-json\/wp\/v2\/categories?post=14543"},{"taxonomy":"post_tag","embeddable":true,"href":"https:\/\/hostnetart.com.br\/baixada\/wp-json\/wp\/v2\/tags?post=14543"}],"curies":[{"name":"wp","href":"https:\/\/api.w.org\/{rel}","templated":true}]}}