{"id":14537,"date":"2023-09-14T17:31:03","date_gmt":"2023-09-14T20:31:03","guid":{"rendered":"https:\/\/hostnetart.com.br\/baixada\/compromisso-socioambiental-de-bancos-nao-passa-do-discurso\/"},"modified":"2023-09-14T17:31:03","modified_gmt":"2023-09-14T20:31:03","slug":"compromisso-socioambiental-de-bancos-nao-passa-do-discurso","status":"publish","type":"post","link":"https:\/\/hostnetart.com.br\/baixada\/compromisso-socioambiental-de-bancos-nao-passa-do-discurso\/","title":{"rendered":"Compromisso socioambiental de bancos n\u00e3o passa do discurso"},"content":{"rendered":"<p>O secret\u00e1rio de Forma\u00e7\u00e3o da Federa\u00e7\u00e3o dos Trabalhadores em Empresas de Cr\u00e9dito do Paran\u00e1 (Fetec-CUT\/PR), Pablo Diaz, em apresenta\u00e7\u00e3o na \u00faltima reuni\u00e3o do Coletivo Nacional de Forma\u00e7\u00e3o da Confedera\u00e7\u00e3o Nacional dos Trabalhadores do Ramo Financeiro (Contraf-CUT), ocorrida dia 5 de setembro, desenvolveu an\u00e1lise do Febraban Tech, em que mostra que o discurso do setor financeiro, de compromisso ambiental e social, n\u00e3o coincide com suas a\u00e7\u00f5es.<\/p>\n<p>A apresenta\u00e7\u00e3o faz parte do debate do eixo conjuntural da reuni\u00e3o do Coletivo, que tamb\u00e9m destacou outros temas, como o cadastramento de educadores para a rede nacional de formadores da Contraf-CUT, a\u00a0<a href=\"https:\/\/contrafcut.com.br\/noticias\/analise-de-conjuntura-tem-tres-novas-turmas\/\" target=\"_blank\" rel=\"noopener noreferrer\">abertura de tr\u00eas novas turmas para o curso de an\u00e1lise de conjuntura<\/a>, a defini\u00e7\u00e3o das datas das quatro novas turmas do curso para novos dirigentes (a primeira ser\u00e1 dias 15 e 16 de setembro para a base da Fetraf-RJ\/ES), a continuidade da constru\u00e7\u00e3o da pol\u00edtica de forma\u00e7\u00e3o sindical da Contraf-CUT e o lan\u00e7amento do\u00a0<a href=\"https:\/\/contrafcut.com.br\/noticias\/sindicato-de-londrina-lanca-clube-do-livro\/\" target=\"_blank\" rel=\"noopener noreferrer\">Clube do Livro<\/a>\u00a0pelo Sindicato do Banc\u00e1rios de Londrina \u2013 uma iniciativa surgida a partir de debates anteriores do pr\u00f3prio Coletivo de Forma\u00e7\u00e3o sobre a cria\u00e7\u00e3o de grupos de estudos nas entidades sindicais.<\/p>\n<p>O Febraban Tech \u00e9 um megaevento anual de tecnologia e inova\u00e7\u00e3o do setor financeiro, considerado o maior do g\u00eanero da Am\u00e9rica Latina, que re\u00fane lideran\u00e7as dos setores financeiro, de tecnologia e de \u00e1reas ligadas \u00e0 inova\u00e7\u00e3o, promovido pela Federa\u00e7\u00e3o Brasileira de Bancos (Febraban).<\/p>\n<p>Na edi\u00e7\u00e3o deste ano, realizada em junho passado, a Febraban afirmou enfaticamente que a agenda ESG, sigla em ingl\u00eas para \u201cEnvironmental, Social and Governance\u201d (Ambiental, Social e Governan\u00e7a, em tradu\u00e7\u00e3o literal) \u00e9 uma marca dos bancos, como representa\u00e7\u00e3o do compromisso do setor com a transi\u00e7\u00e3o para a economia verde e para a monetiza\u00e7\u00e3o dos ativos ambientais, com responsabilidade clim\u00e1tica. A entidade tamb\u00e9m se autodeclarou como o grande pilar de sustenta\u00e7\u00e3o social, em especial pelo protagonismo em sua atua\u00e7\u00e3o na chamada economia digital.<\/p>\n<p>Para Pablo, por\u00e9m, \u201co que vemos na pr\u00e1tica interna \u00e9 a contradi\u00e7\u00e3o do aumento da explora\u00e7\u00e3o dos trabalhadores por metas nunca satisfat\u00f3rias, sempre requerendo mais quando o tema \u00e9 \u2018acionistas\u2019. A tecnologia, portanto, ao contr\u00e1rio de libertar, tem sido usada para acorrentar o trabalhador a um ritmo de trabalho virtual que aos poucos extingue a fronteira entre a jornada de trabalho e a vida privada\u201d.<\/p>\n<p>A an\u00e1lise de Pablo, que tamb\u00e9m \u00e9 mestre em Tecnologia e Trabalho pela Universidade Tecnol\u00f3gica Federal do Paran\u00e1 (UTFPR) e coordenador regional Dieese Paran\u00e1, buscou, em linhas gerais, em suas palavras, \u201ca captura ideol\u00f3gica e instrumental do capital financeirizado da agenda da esquerda, omitindo a l\u00f3gica de acumula\u00e7\u00e3o\u201d.<\/p>\n<p>Para o secret\u00e1rio da Fetec-CUT\/PR, \u201ca novil\u00edngua corporativa \u00e9 uma pe\u00e7a de propaganda que parece inclusiva, mas, na verdade, exclui o trabalhador da sua pr\u00f3pria exist\u00eancia e personalidade, impondo um ritmo existencial cujo polo \u00e9 unicamente a meta\u201d.<\/p>\n<p>Ele usou como refer\u00eancia Brett King, cofundador do Moven, um dos primeiros bancos virtuais do mundo, e autor dos livros de\u00a0<em>Banco 2.0<\/em>\u00a0e\u00a0<em>Banco 3.0<\/em>. Conforme dados do australiano citados por Pablo, \u201c80% dos bancarizados no Qu\u00eania s\u00e3o clientes pelo celular, eles n\u00e3o conhecem ag\u00eancias\u201d.<\/p>\n<p>Outro exemplo de descaso dos bancos com a sociedade \u00e9 confirmado pela presen\u00e7a \u201cdas cooperativas de cr\u00e9dito, que t\u00eam crescido exatamente neste momento em que os bancos acentuam seu movimento pela redu\u00e7\u00e3o de ag\u00eancias banc\u00e1rias, porque o atendimento f\u00edsico \u00e9 necess\u00e1rio\u201d, complementou Pablo.<\/p>\n<p>Por isso, como pontuou o palestrante, \u201cKing, que j\u00e1 assessorou a Febraban, mas sempre alertou sobre esses riscos, fala de um \u2018tecnossocialismo\u2019, porque a tecnologia sobre o capital \u00e9 excludente e pode causar revolu\u00e7\u00f5es. King tamb\u00e9m cita como melhor exemplo a China, porque o pa\u00eds faz avan\u00e7os e recuos \u00e0 medida que isso afeta o equil\u00edbrio social\u201d.<\/p>\n<p>O secret\u00e1rio de Forma\u00e7\u00e3o da Contraf-CUT, Rafael Zanon, avaliou que \u201ca participa\u00e7\u00e3o de Pablo Diaz, foi destacada, pois trouxe uma an\u00e1lise abrangente do discurso corporativo do setor banc\u00e1rio, que em vez de assumir e honrar compromissos, \u00e9 usado tanto para a explora\u00e7\u00e3o de seus trabalhadores, quanto para justificar o fato de n\u00e3o cumprir suas responsabilidades sociais\u201d. Para Zanon, \u201cdebates com essa qualidade, sobre particularidades do setor financeiro, s\u00e3o importantes para a forma\u00e7\u00e3o global dos dirigentes sindicais\u201d.<\/p>\n<p>Confira aqui a\u00a0<a href=\"https:\/\/contrafcut.com.br\/tendencias-febraban-tech-2023\/\" target=\"_blank\" rel=\"noopener noreferrer\">apresenta\u00e7\u00e3o completa de Pablo Diaz<\/a>.<\/p>\n<p><strong>Fonte: Contraf-CUT<\/strong><\/p>\n","protected":false},"excerpt":{"rendered":"<p>O secret\u00e1rio de Forma\u00e7\u00e3o da Federa\u00e7\u00e3o dos Trabalhadores em Empresas de Cr\u00e9dito do Paran\u00e1 (Fetec-CUT\/PR), Pablo Diaz, em apresenta\u00e7\u00e3o na \u00faltima reuni\u00e3o do Coletivo Nacional de Forma\u00e7\u00e3o da Confedera\u00e7\u00e3o Nacional dos Trabalhadores do Ramo Financeiro (Contraf-CUT), ocorrida dia 5 de setembro, desenvolveu an\u00e1lise do Febraban Tech, em que mostra que o discurso do setor financeiro, [&hellip;]<\/p>\n","protected":false},"author":2,"featured_media":14536,"comment_status":"","ping_status":"","sticky":false,"template":"","format":"standard","meta":{"footnotes":""},"categories":[3],"tags":[],"class_list":["post-14537","post","type-post","status-publish","format-standard","has-post-thumbnail","hentry","category-noticias"],"_links":{"self":[{"href":"https:\/\/hostnetart.com.br\/baixada\/wp-json\/wp\/v2\/posts\/14537","targetHints":{"allow":["GET"]}}],"collection":[{"href":"https:\/\/hostnetart.com.br\/baixada\/wp-json\/wp\/v2\/posts"}],"about":[{"href":"https:\/\/hostnetart.com.br\/baixada\/wp-json\/wp\/v2\/types\/post"}],"author":[{"embeddable":true,"href":"https:\/\/hostnetart.com.br\/baixada\/wp-json\/wp\/v2\/users\/2"}],"replies":[{"embeddable":true,"href":"https:\/\/hostnetart.com.br\/baixada\/wp-json\/wp\/v2\/comments?post=14537"}],"version-history":[{"count":0,"href":"https:\/\/hostnetart.com.br\/baixada\/wp-json\/wp\/v2\/posts\/14537\/revisions"}],"wp:featuredmedia":[{"embeddable":true,"href":"https:\/\/hostnetart.com.br\/baixada\/wp-json\/wp\/v2\/media\/14536"}],"wp:attachment":[{"href":"https:\/\/hostnetart.com.br\/baixada\/wp-json\/wp\/v2\/media?parent=14537"}],"wp:term":[{"taxonomy":"category","embeddable":true,"href":"https:\/\/hostnetart.com.br\/baixada\/wp-json\/wp\/v2\/categories?post=14537"},{"taxonomy":"post_tag","embeddable":true,"href":"https:\/\/hostnetart.com.br\/baixada\/wp-json\/wp\/v2\/tags?post=14537"}],"curies":[{"name":"wp","href":"https:\/\/api.w.org\/{rel}","templated":true}]}}