{"id":14535,"date":"2023-09-14T17:29:17","date_gmt":"2023-09-14T20:29:17","guid":{"rendered":"https:\/\/hostnetart.com.br\/baixada\/caixa-empregados-cobram-plr-social-correta\/"},"modified":"2023-09-14T17:29:17","modified_gmt":"2023-09-14T20:29:17","slug":"caixa-empregados-cobram-plr-social-correta","status":"publish","type":"post","link":"https:\/\/hostnetart.com.br\/baixada\/caixa-empregados-cobram-plr-social-correta\/","title":{"rendered":"Caixa: Empregados cobram PLR Social correta"},"content":{"rendered":"<p>A Confedera\u00e7\u00e3o Nacional dos Trabalhadores do Ramo Financeiro (Contraf-CUT) mandou, nesta quinta-feira (14), um novo of\u00edcio \u00e0 Caixa Econ\u00f4mica Federal ratificando o pedido para que o banco reconhe\u00e7a o trabalho social realizado pelos trabalhadores. No of\u00edcio a Contraf-CUT tamb\u00e9m pede que o pagamento seja adiantado para o dia 15\/09. O banco havia anunciado o pagamento para o dia 20.<\/p>\n<p>\u201cOs empregados se esfor\u00e7am e cumprem todas as tarefas para atender as demandas sociais da Caixa e, mesmo sobrecarregados e tendo que superar os in\u00fameros problemas de sistemas, fizeram com que o banco obtivesse lucro no primeiro semestre. \u00c9 justo que sejam reconhecidos no pagamento da PLR Social por todo trabalho social que realizam\u201d, defendeu a coordenadora da Comiss\u00e3o Executiva dos Empregados (CEE) da Caixa, Fabiana Uehara Proscholdt. \u201cA Caixa \u00e9 um banco p\u00fablico. \u00c9 a principal respons\u00e1vel pela execu\u00e7\u00e3o das pol\u00edticas sociais do Governo Federal. Pode n\u00e3o trazer lucro para o banco, mas \u00e9 o trabalho da Caixa. Os trabalhadores precisam ser reconhecidos por isso\u201d, completou.<\/p>\n<p>No of\u00edcio enviado nesta quinta-feira, a Contraf-CUT ratifica o pedido do of\u00edcio anterior, enviado no dia 22 de agosto. O texto diz que \u201cA Contraf-CUT vem substanciar o pedido feito para que a PLR Caixa \u2013 Social seja vinculada a desempenho exclusivamente de indicadores sociais e paga em sua integralidade.\u201d<\/p>\n<p>A Contraf-CUT tamb\u00e9m pede mesa de negocia\u00e7\u00e3o para esclarecimentos e disponibiliza\u00e7\u00e3o da mem\u00f3ria de c\u00e1lculo da PLR e a discrimina\u00e7\u00e3o dos valores que ser\u00e3o pagos, que permita a aferi\u00e7\u00e3o do cumprimento da cl\u00e1usula 12\u00aa, par\u00e1grafo sexto, do Acordo Coletivo de Trabalho, que estabelece o percentual de adiantamento de at\u00e9 50% do valor devido a cada empregado, considerando o lucro do 1\u00ba Semestre de 2023.<\/p>\n<p><strong>Fonte: Contraf-CUT<\/strong><\/p>\n","protected":false},"excerpt":{"rendered":"<p>A Confedera\u00e7\u00e3o Nacional dos Trabalhadores do Ramo Financeiro (Contraf-CUT) mandou, nesta quinta-feira (14), um novo of\u00edcio \u00e0 Caixa Econ\u00f4mica Federal ratificando o pedido para que o banco reconhe\u00e7a o trabalho social realizado pelos trabalhadores. No of\u00edcio a Contraf-CUT tamb\u00e9m pede que o pagamento seja adiantado para o dia 15\/09. O banco havia anunciado o pagamento [&hellip;]<\/p>\n","protected":false},"author":2,"featured_media":14534,"comment_status":"","ping_status":"","sticky":false,"template":"","format":"standard","meta":{"footnotes":""},"categories":[3],"tags":[],"class_list":["post-14535","post","type-post","status-publish","format-standard","has-post-thumbnail","hentry","category-noticias"],"_links":{"self":[{"href":"https:\/\/hostnetart.com.br\/baixada\/wp-json\/wp\/v2\/posts\/14535","targetHints":{"allow":["GET"]}}],"collection":[{"href":"https:\/\/hostnetart.com.br\/baixada\/wp-json\/wp\/v2\/posts"}],"about":[{"href":"https:\/\/hostnetart.com.br\/baixada\/wp-json\/wp\/v2\/types\/post"}],"author":[{"embeddable":true,"href":"https:\/\/hostnetart.com.br\/baixada\/wp-json\/wp\/v2\/users\/2"}],"replies":[{"embeddable":true,"href":"https:\/\/hostnetart.com.br\/baixada\/wp-json\/wp\/v2\/comments?post=14535"}],"version-history":[{"count":0,"href":"https:\/\/hostnetart.com.br\/baixada\/wp-json\/wp\/v2\/posts\/14535\/revisions"}],"wp:featuredmedia":[{"embeddable":true,"href":"https:\/\/hostnetart.com.br\/baixada\/wp-json\/wp\/v2\/media\/14534"}],"wp:attachment":[{"href":"https:\/\/hostnetart.com.br\/baixada\/wp-json\/wp\/v2\/media?parent=14535"}],"wp:term":[{"taxonomy":"category","embeddable":true,"href":"https:\/\/hostnetart.com.br\/baixada\/wp-json\/wp\/v2\/categories?post=14535"},{"taxonomy":"post_tag","embeddable":true,"href":"https:\/\/hostnetart.com.br\/baixada\/wp-json\/wp\/v2\/tags?post=14535"}],"curies":[{"name":"wp","href":"https:\/\/api.w.org\/{rel}","templated":true}]}}