{"id":14533,"date":"2023-09-13T13:34:36","date_gmt":"2023-09-13T16:34:36","guid":{"rendered":"https:\/\/hostnetart.com.br\/baixada\/trabalhadores-do-santander-avaliarao-acordo-de-compensacao-de-horas\/"},"modified":"2023-09-13T13:34:36","modified_gmt":"2023-09-13T16:34:36","slug":"trabalhadores-do-santander-avaliarao-acordo-de-compensacao-de-horas","status":"publish","type":"post","link":"https:\/\/hostnetart.com.br\/baixada\/trabalhadores-do-santander-avaliarao-acordo-de-compensacao-de-horas\/","title":{"rendered":"Trabalhadores do Santander avaliar\u00e3o acordo de compensa\u00e7\u00e3o de horas"},"content":{"rendered":"<p>Banc\u00e1rias e banc\u00e1rios do Banco Santander, da base do Sindicato dos Banc\u00e1rios da Baixada Fluminense, participar\u00e3o de assembleia remota, para deliberar sobre o Acordo Coletivo de Trabalho sobre Regime Especial de Compensa\u00e7\u00e3o de Horas, com vig\u00eancia de 01 de setembro de 2023 a 31 de mar\u00e7o de 2024.<\/p>\n<p>A assembleia ocorre nesta sexta-feira, 15 de setembro, das 8 horas \u00e0s 20 horas.<\/p>\n<p>PARA VOTAR<\/p>\n<p>Para votar e participar, basta acessar o link de vota\u00e7\u00e3o: https:\/\/bancarios.votabem.com.br\/<\/p>\n<p>O link estar\u00e1, tamb\u00e9m, dispon\u00edvel em nosso site (http:\/\/www.bancariosbaixada.org.br)<\/p>\n","protected":false},"excerpt":{"rendered":"<p>Banc\u00e1rias e banc\u00e1rios do Banco Santander, da base do Sindicato dos Banc\u00e1rios da Baixada Fluminense, participar\u00e3o de assembleia remota, para deliberar sobre o Acordo Coletivo de Trabalho sobre Regime Especial de Compensa\u00e7\u00e3o de Horas, com vig\u00eancia de 01 de setembro de 2023 a 31 de mar\u00e7o de 2024. A assembleia ocorre nesta sexta-feira, 15 de [&hellip;]<\/p>\n","protected":false},"author":2,"featured_media":14532,"comment_status":"","ping_status":"","sticky":false,"template":"","format":"standard","meta":{"footnotes":""},"categories":[3],"tags":[],"class_list":["post-14533","post","type-post","status-publish","format-standard","has-post-thumbnail","hentry","category-noticias"],"_links":{"self":[{"href":"https:\/\/hostnetart.com.br\/baixada\/wp-json\/wp\/v2\/posts\/14533","targetHints":{"allow":["GET"]}}],"collection":[{"href":"https:\/\/hostnetart.com.br\/baixada\/wp-json\/wp\/v2\/posts"}],"about":[{"href":"https:\/\/hostnetart.com.br\/baixada\/wp-json\/wp\/v2\/types\/post"}],"author":[{"embeddable":true,"href":"https:\/\/hostnetart.com.br\/baixada\/wp-json\/wp\/v2\/users\/2"}],"replies":[{"embeddable":true,"href":"https:\/\/hostnetart.com.br\/baixada\/wp-json\/wp\/v2\/comments?post=14533"}],"version-history":[{"count":0,"href":"https:\/\/hostnetart.com.br\/baixada\/wp-json\/wp\/v2\/posts\/14533\/revisions"}],"wp:featuredmedia":[{"embeddable":true,"href":"https:\/\/hostnetart.com.br\/baixada\/wp-json\/wp\/v2\/media\/14532"}],"wp:attachment":[{"href":"https:\/\/hostnetart.com.br\/baixada\/wp-json\/wp\/v2\/media?parent=14533"}],"wp:term":[{"taxonomy":"category","embeddable":true,"href":"https:\/\/hostnetart.com.br\/baixada\/wp-json\/wp\/v2\/categories?post=14533"},{"taxonomy":"post_tag","embeddable":true,"href":"https:\/\/hostnetart.com.br\/baixada\/wp-json\/wp\/v2\/tags?post=14533"}],"curies":[{"name":"wp","href":"https:\/\/api.w.org\/{rel}","templated":true}]}}