{"id":14531,"date":"2023-09-13T04:00:16","date_gmt":"2023-09-13T07:00:16","guid":{"rendered":"https:\/\/hostnetart.com.br\/baixada\/justica-manda-caixa-incorporar-gratificacao-de-funcao-aos-salarios\/"},"modified":"2023-09-13T04:00:16","modified_gmt":"2023-09-13T07:00:16","slug":"justica-manda-caixa-incorporar-gratificacao-de-funcao-aos-salarios","status":"publish","type":"post","link":"https:\/\/hostnetart.com.br\/baixada\/justica-manda-caixa-incorporar-gratificacao-de-funcao-aos-salarios\/","title":{"rendered":"Justi\u00e7a manda Caixa incorporar gratifica\u00e7\u00e3o de fun\u00e7\u00e3o aos sal\u00e1rios"},"content":{"rendered":"<p>Uma decis\u00e3o da 3\u00aa Turma do Tribunal Regional do Trabalho da 10\u00aa Regi\u00e3o determina que a Caixa Econ\u00f4mica Federal incorpore as gratifica\u00e7\u00f5es de fun\u00e7\u00f5es exercidas por mais de 10 anos aos sal\u00e1rios das empregadas e empregados que tenham sido admitidos at\u00e9 9 de novembro de 2017, quando a Caixa revogou o normativo RH 151, dois dias antes da reforma trabalhista entrar em vig\u00eancia.<\/p>\n<p><strong>A Caixa ainda pode interpor recurso de revista ao TST.<\/strong><\/p>\n<p>O RH 151 era uma norma interna que estabelecia as condi\u00e7\u00f5es para a incorpora\u00e7\u00e3o de fun\u00e7\u00e3o e a decis\u00e3o, nos autos do <a href=\"https:\/\/pje.trt10.jus.br\/consultaprocessual\/detalhe-processo\/0001646-12.2017.5.10.0013\/2#1e0ed3d\" target=\"_blank\" rel=\"noopener noreferrer\">processo 0001646-12.2017.5.10.0013<\/a>, aberto pela Contraf-CUT, tendo como coautoras as federa\u00e7\u00f5es estaduais e regionais a ela ligadas, a exemplo da Federa\u00e7\u00e3o dos Trabalhadores do Ramo Financeiro dos Estados do Rio de Janeiro e Esp\u00edrito Santo (Fetraf RJ\/ES), contempla o entendimento das autoras de que a Caixa feriu o direito adquirido dos empregados, ao revogar o normativo com a inten\u00e7\u00e3o de extirpar o direito dos empregados \u00e0 incorpora\u00e7\u00e3o da gratifica\u00e7\u00e3o de fun\u00e7\u00e3o, quando h\u00e1 dispensa da fun\u00e7\u00e3o sem justo motivo (por interesse da administra\u00e7\u00e3o).<\/p>\n<p>Os admitidos at\u00e9 a data limite (9\/11\/2017) que ainda n\u00e3o completaram 10 anos na fun\u00e7\u00e3o, mas vierem a completar, tamb\u00e9m ter\u00e3o direito \u00e0 incorpora\u00e7\u00e3o.<\/p>\n<h3><strong>A decis\u00e3o<\/strong><\/h3>\n<p>Segundo a decis\u00e3o da 3\u00aa Turma do TRT10, \u201cas regras previstas no RH 151 referentes ao adicional de incorpora\u00e7\u00e3o foram incorporadas ao contrato de trabalho de todos os empregados substitu\u00eddos que tenham sido admitidos at\u00e9 9\/11\/2017\u201d. Os desembargadores continuam: \u201cMelhor explicando: cada trabalhador substitu\u00eddo que tenha sido contratado at\u00e9 9\/11\/2017, no momento em que completar dez anos de exerc\u00edcio de fun\u00e7\u00e3o gratificada, far\u00e1 jus ao adicional de incorpora\u00e7\u00e3o, devendo ser observados os crit\u00e9rios para pagamento estabelecidos no RH 151.\u201d<\/p>\n<p><b>Fonte: Fetraf RJ\/ES<\/b><\/p>\n","protected":false},"excerpt":{"rendered":"<p>Uma decis\u00e3o da 3\u00aa Turma do Tribunal Regional do Trabalho da 10\u00aa Regi\u00e3o determina que a Caixa Econ\u00f4mica Federal incorpore as gratifica\u00e7\u00f5es de fun\u00e7\u00f5es exercidas por mais de 10 anos aos sal\u00e1rios das empregadas e empregados que tenham sido admitidos at\u00e9 9 de novembro de 2017, quando a Caixa revogou o normativo RH 151, dois [&hellip;]<\/p>\n","protected":false},"author":2,"featured_media":14530,"comment_status":"","ping_status":"","sticky":false,"template":"","format":"standard","meta":{"footnotes":""},"categories":[3],"tags":[],"class_list":["post-14531","post","type-post","status-publish","format-standard","has-post-thumbnail","hentry","category-noticias"],"_links":{"self":[{"href":"https:\/\/hostnetart.com.br\/baixada\/wp-json\/wp\/v2\/posts\/14531","targetHints":{"allow":["GET"]}}],"collection":[{"href":"https:\/\/hostnetart.com.br\/baixada\/wp-json\/wp\/v2\/posts"}],"about":[{"href":"https:\/\/hostnetart.com.br\/baixada\/wp-json\/wp\/v2\/types\/post"}],"author":[{"embeddable":true,"href":"https:\/\/hostnetart.com.br\/baixada\/wp-json\/wp\/v2\/users\/2"}],"replies":[{"embeddable":true,"href":"https:\/\/hostnetart.com.br\/baixada\/wp-json\/wp\/v2\/comments?post=14531"}],"version-history":[{"count":0,"href":"https:\/\/hostnetart.com.br\/baixada\/wp-json\/wp\/v2\/posts\/14531\/revisions"}],"wp:featuredmedia":[{"embeddable":true,"href":"https:\/\/hostnetart.com.br\/baixada\/wp-json\/wp\/v2\/media\/14530"}],"wp:attachment":[{"href":"https:\/\/hostnetart.com.br\/baixada\/wp-json\/wp\/v2\/media?parent=14531"}],"wp:term":[{"taxonomy":"category","embeddable":true,"href":"https:\/\/hostnetart.com.br\/baixada\/wp-json\/wp\/v2\/categories?post=14531"},{"taxonomy":"post_tag","embeddable":true,"href":"https:\/\/hostnetart.com.br\/baixada\/wp-json\/wp\/v2\/tags?post=14531"}],"curies":[{"name":"wp","href":"https:\/\/api.w.org\/{rel}","templated":true}]}}