{"id":1453,"date":"2014-07-14T00:00:00","date_gmt":"2014-07-14T03:00:00","guid":{"rendered":"https:\/\/hostnetart.com.br\/baixada\/contraf-cut-avalia-propostas-para-definir-midia-da-campanha-nacional-2\/"},"modified":"2014-07-14T00:00:00","modified_gmt":"2014-07-14T03:00:00","slug":"contraf-cut-avalia-propostas-para-definir-midia-da-campanha-nacional-2","status":"publish","type":"post","link":"https:\/\/hostnetart.com.br\/baixada\/contraf-cut-avalia-propostas-para-definir-midia-da-campanha-nacional-2\/","title":{"rendered":"Contraf-CUT avalia propostas para definir m\u00eddia da Campanha Nacional"},"content":{"rendered":"<p>A Contraf-CUT realizou nesta quinta-feira (10) a terceira reuni\u00e3o espec\u00edfica para a constru\u00e7\u00e3o da m\u00eddia da Campanha Nacional dos Banc\u00e1rios 2014. V\u00e1rios sindicatos apresentaram propostas que foram discutidas pelos participantes e que ser\u00e3o agora aprofundadas pelas entidades em todo o pa\u00eds.<\/p>\n<p>Nova reuni\u00e3o foi agendada para a pr\u00f3xima quinta-feira (17), \u00e0s 14h, tamb\u00e9m na sede da Contraf-CUT, em S\u00e3o Paulo, para definir a m\u00eddia da campanha deste ano.<\/p>\n<p>\u201cFoi dado mais um passo importante com a exposi\u00e7\u00e3o de diversas propostas, constru\u00eddas por v\u00e1rios sindicatos, que focam os grandes temas nacionais da categoria, como remunera\u00e7\u00e3o, emprego, condi\u00e7\u00f5es de trabalho e sistema financeiro, buscando dialogar com os banc\u00e1rios e os clientes e pressionar os bancos para que atendam a pauta de reivindica\u00e7\u00f5es a ser negociada\u201d, afirma o secret\u00e1rio de Imprensa da Contraf-CUT, Ademir Wiederkehr.<\/p>\n<p>\u201cAgora \u00e9 necess\u00e1rio que as entidades avaliem essas propostas, dentro da conjuntura em que acontecer\u00e1 a campanha, buscando chegar a um consenso na pr\u00f3xima reuni\u00e3o. A m\u00eddia \u00e9 um poderoso instrumento para fortalecer a unidade nacional da categoria e contribui para potencializar a mobiliza\u00e7\u00e3o em todo pa\u00eds\u201d, destaca o dirigente sindical.<\/p>\n<p>A exemplo das duas reuni\u00f5es anteriores, ocorridas nos dias 3 e 25 de junho, houve a participa\u00e7\u00e3o de dirigentes do Comando Nacional, sindicatos e federa\u00e7\u00f5es, especialmente diretores de comunica\u00e7\u00e3o e profissionais de imprensa e publicidade das entidades.<\/p>\n<p>\u201cTrata-se de um processo coletivo e democr\u00e1tico, o que exige muito debate e troca de ideias entre as entidades. \u00c9 o melhor caminho para construir uma m\u00eddia nacional que seja capaz de auxiliar a luta da categoria para avan\u00e7ar nas conquistas\u201d, ressalta o diretor da Contraf-CUT.<\/p>\n<p>A m\u00eddia ser\u00e1 apresentada na 16\u00aa Confer\u00eancia Nacional dos Banc\u00e1rios, a ser realizada de 25 a 27 de julho, em Atibaia (SP).<\/p>\n<p>Fonte: Contraf-CUT<\/p>\n","protected":false},"excerpt":{"rendered":"<p>A Contraf-CUT realizou nesta quinta-feira (10) a terceira reuni\u00e3o espec\u00edfica para a constru\u00e7\u00e3o da m\u00eddia da Campanha Nacional dos Banc\u00e1rios 2014. V\u00e1rios sindicatos apresentaram propostas que foram discutidas pelos participantes e que ser\u00e3o agora aprofundadas pelas entidades em todo o pa\u00eds. Nova reuni\u00e3o foi agendada para a pr\u00f3xima quinta-feira (17), \u00e0s 14h, tamb\u00e9m na sede [&hellip;]<\/p>\n","protected":false},"author":1,"featured_media":0,"comment_status":"","ping_status":"","sticky":false,"template":"","format":"standard","meta":{"footnotes":""},"categories":[3],"tags":[],"class_list":["post-1453","post","type-post","status-publish","format-standard","hentry","category-noticias"],"_links":{"self":[{"href":"https:\/\/hostnetart.com.br\/baixada\/wp-json\/wp\/v2\/posts\/1453","targetHints":{"allow":["GET"]}}],"collection":[{"href":"https:\/\/hostnetart.com.br\/baixada\/wp-json\/wp\/v2\/posts"}],"about":[{"href":"https:\/\/hostnetart.com.br\/baixada\/wp-json\/wp\/v2\/types\/post"}],"author":[{"embeddable":true,"href":"https:\/\/hostnetart.com.br\/baixada\/wp-json\/wp\/v2\/users\/1"}],"replies":[{"embeddable":true,"href":"https:\/\/hostnetart.com.br\/baixada\/wp-json\/wp\/v2\/comments?post=1453"}],"version-history":[{"count":0,"href":"https:\/\/hostnetart.com.br\/baixada\/wp-json\/wp\/v2\/posts\/1453\/revisions"}],"wp:attachment":[{"href":"https:\/\/hostnetart.com.br\/baixada\/wp-json\/wp\/v2\/media?parent=1453"}],"wp:term":[{"taxonomy":"category","embeddable":true,"href":"https:\/\/hostnetart.com.br\/baixada\/wp-json\/wp\/v2\/categories?post=1453"},{"taxonomy":"post_tag","embeddable":true,"href":"https:\/\/hostnetart.com.br\/baixada\/wp-json\/wp\/v2\/tags?post=1453"}],"curies":[{"name":"wp","href":"https:\/\/api.w.org\/{rel}","templated":true}]}}