{"id":14529,"date":"2023-09-13T03:59:16","date_gmt":"2023-09-13T06:59:16","guid":{"rendered":"https:\/\/hostnetart.com.br\/baixada\/reajuste-da-categoria-bancaria-sera-de-4-58\/"},"modified":"2023-09-13T03:59:16","modified_gmt":"2023-09-13T06:59:16","slug":"reajuste-da-categoria-bancaria-sera-de-4-58","status":"publish","type":"post","link":"https:\/\/hostnetart.com.br\/baixada\/reajuste-da-categoria-bancaria-sera-de-4-58\/","title":{"rendered":"Reajuste da categoria banc\u00e1ria ser\u00e1 de 4,58%"},"content":{"rendered":"<p>Com a divulga\u00e7\u00e3o do \u00cdndice Nacional de Pre\u00e7os ao Consumidor (INPC) acumulado entre setembro de 2022 a agosto de 2023 (4,06%), somado ao aumento real conquistado na campanha nacional do ano passado (0,5%), o reajuste nos sal\u00e1rios e em todas as verbas econ\u00f4micas da categoria banc\u00e1ria ser\u00e1 de 4,58%.<\/p>\n<p>A insist\u00eancia dos bancos na retirada de direitos dos trabalhadores era t\u00e3o grande, que houve negocia\u00e7\u00f5es espec\u00edficas que se prolongaram mesmo ap\u00f3s a apresenta\u00e7\u00e3o da proposta final na mesa \u00fanica da Fenaban.<\/p>\n<p><em>*com informa\u00e7\u00f5es da Contraf-CUT<\/em><\/p>\n","protected":false},"excerpt":{"rendered":"<p>Com a divulga\u00e7\u00e3o do \u00cdndice Nacional de Pre\u00e7os ao Consumidor (INPC) acumulado entre setembro de 2022 a agosto de 2023 (4,06%), somado ao aumento real conquistado na campanha nacional do ano passado (0,5%), o reajuste nos sal\u00e1rios e em todas as verbas econ\u00f4micas da categoria banc\u00e1ria ser\u00e1 de 4,58%. A insist\u00eancia dos bancos na retirada [&hellip;]<\/p>\n","protected":false},"author":2,"featured_media":14528,"comment_status":"","ping_status":"","sticky":false,"template":"","format":"standard","meta":{"footnotes":""},"categories":[3],"tags":[],"class_list":["post-14529","post","type-post","status-publish","format-standard","has-post-thumbnail","hentry","category-noticias"],"_links":{"self":[{"href":"https:\/\/hostnetart.com.br\/baixada\/wp-json\/wp\/v2\/posts\/14529","targetHints":{"allow":["GET"]}}],"collection":[{"href":"https:\/\/hostnetart.com.br\/baixada\/wp-json\/wp\/v2\/posts"}],"about":[{"href":"https:\/\/hostnetart.com.br\/baixada\/wp-json\/wp\/v2\/types\/post"}],"author":[{"embeddable":true,"href":"https:\/\/hostnetart.com.br\/baixada\/wp-json\/wp\/v2\/users\/2"}],"replies":[{"embeddable":true,"href":"https:\/\/hostnetart.com.br\/baixada\/wp-json\/wp\/v2\/comments?post=14529"}],"version-history":[{"count":0,"href":"https:\/\/hostnetart.com.br\/baixada\/wp-json\/wp\/v2\/posts\/14529\/revisions"}],"wp:featuredmedia":[{"embeddable":true,"href":"https:\/\/hostnetart.com.br\/baixada\/wp-json\/wp\/v2\/media\/14528"}],"wp:attachment":[{"href":"https:\/\/hostnetart.com.br\/baixada\/wp-json\/wp\/v2\/media?parent=14529"}],"wp:term":[{"taxonomy":"category","embeddable":true,"href":"https:\/\/hostnetart.com.br\/baixada\/wp-json\/wp\/v2\/categories?post=14529"},{"taxonomy":"post_tag","embeddable":true,"href":"https:\/\/hostnetart.com.br\/baixada\/wp-json\/wp\/v2\/tags?post=14529"}],"curies":[{"name":"wp","href":"https:\/\/api.w.org\/{rel}","templated":true}]}}