{"id":14527,"date":"2023-09-12T19:56:47","date_gmt":"2023-09-12T22:56:47","guid":{"rendered":"https:\/\/hostnetart.com.br\/baixada\/sindicato-dos-bancarios-da-baixada-fluminense-reintegra-mais-um-bancario-do-itau-2\/"},"modified":"2023-09-12T19:56:47","modified_gmt":"2023-09-12T22:56:47","slug":"sindicato-dos-bancarios-da-baixada-fluminense-reintegra-mais-um-bancario-do-itau-2","status":"publish","type":"post","link":"https:\/\/hostnetart.com.br\/baixada\/sindicato-dos-bancarios-da-baixada-fluminense-reintegra-mais-um-bancario-do-itau-2\/","title":{"rendered":"Sindicato dos Banc\u00e1rios da Baixada Fluminense reintegra mais um banc\u00e1rio do Ita\u00fa"},"content":{"rendered":"<p>Nesta ter\u00e7a-feira, 12 de setembro, o Sindicato dos Banc\u00e1rios da Baixada Fluminense reintegrou Gean Carlos Palmeira, funcion\u00e1rio do Banco Ita\u00fa.<\/p>\n<p>O banc\u00e1rio, quando foi demitido, estava acometido com doen\u00e7a ocupacional, e em per\u00edodo de estabilidade acident\u00e1ria.<\/p>\n<p>A estabilidade acident\u00e1ria \u00e9 garantida ao trabalhador por, no m\u00ednimo, 12 (doze) meses ap\u00f3s o t\u00e9rmino do recebimento do aux\u00edlio-doen\u00e7a acident\u00e1rio (artigo 118 da Lei no 8.213\/91).<\/p>\n<p>Desta forma, o Juiz reconheceu a nulidade da dispensa, e determinou a imediata reintegra\u00e7\u00e3o.<\/p>\n<p>\u201cQuero expressar minha gratid\u00e3o com a atua\u00e7\u00e3o do Sindicato no meu caso. Principalmente, aos departamentos de sa\u00fade e jur\u00eddico, representados pelo Diretor Rubio e o advogado Luiz Paulo, respectivamente. Fui desligado no dia 4 de agosto, injustamente, pois estava aguardando resultado da per\u00edcia do INSS. Tenho mais de 30 anos de banco! Entrei no antigo Banco Bandeirantes e, depois Unibanco e, agora, o atual Ita\u00fa. Ontem, dia 11, saiu a liminar com a minha reintegra\u00e7\u00e3o, gra\u00e7as a atua\u00e7\u00e3o, determina\u00e7\u00e3o e muita luta do Sindicato. Estou muito feliz e grato com o resultado, assim como pela presteza e prontid\u00e3o do Rubio e do Dr. Luiz. E deixo um recado: quem ainda n\u00e3o \u00e9 sindicalizado, sindicalize-se. Um dia, voc\u00eas podem precisar do Sindicato. Obrigado!\u201d, declarou o banc\u00e1rio.<\/p>\n<p><strong>IMPORTANTE<\/strong><\/p>\n<p>O trabalhador banc\u00e1rio \u00e9 sindicalizado e, logo ap\u00f3s seu desligamento, procurou atendimento no Sindicato dos Banc\u00e1rios da Baixada Fluminense, onde foi prontamente atendido pelo Departamento Jur\u00eddico, atrav\u00e9s do advogado Luiz Paulo do Escrit\u00f3rio Baptista &amp; Reis Advogados Associados, e pelo Departamento de Sa\u00fade.<\/p>\n<p>\u00c9 fundamental que banc\u00e1rias e banc\u00e1rios, logo que sejam informados de suas demiss\u00f5es, procurem imediatamente atendimento no Sindicato.<\/p>\n<p><b>ATENDIMENTO JUR\u00cdDICO PRESENCIAL<\/b><\/p>\n<p>Nova Igua\u00e7u &#8211; \u00e0s ter\u00e7as-feiras, das 11 horas \u00e0 13 horas e das 14 horas \u00e0s 17 horas (telefone: 21 &#8211; 2658-8041)<\/p>\n<p>Duque de Caxias &#8211; \u00e0s quintas-feiras, das 10 horas \u00e0s 13 horas (telefone: 21 \/ 26710-110)<\/p>\n<p><u>SINDICALIZE-SE<\/u><\/p>\n","protected":false},"excerpt":{"rendered":"<p>Nesta ter\u00e7a-feira, 12 de setembro, o Sindicato dos Banc\u00e1rios da Baixada Fluminense reintegrou Gean Carlos Palmeira, funcion\u00e1rio do Banco Ita\u00fa. O banc\u00e1rio, quando foi demitido, estava acometido com doen\u00e7a ocupacional, e em per\u00edodo de estabilidade acident\u00e1ria. A estabilidade acident\u00e1ria \u00e9 garantida ao trabalhador por, no m\u00ednimo, 12 (doze) meses ap\u00f3s o t\u00e9rmino do recebimento do [&hellip;]<\/p>\n","protected":false},"author":2,"featured_media":14526,"comment_status":"","ping_status":"","sticky":false,"template":"","format":"standard","meta":{"footnotes":""},"categories":[3],"tags":[],"class_list":["post-14527","post","type-post","status-publish","format-standard","has-post-thumbnail","hentry","category-noticias"],"_links":{"self":[{"href":"https:\/\/hostnetart.com.br\/baixada\/wp-json\/wp\/v2\/posts\/14527","targetHints":{"allow":["GET"]}}],"collection":[{"href":"https:\/\/hostnetart.com.br\/baixada\/wp-json\/wp\/v2\/posts"}],"about":[{"href":"https:\/\/hostnetart.com.br\/baixada\/wp-json\/wp\/v2\/types\/post"}],"author":[{"embeddable":true,"href":"https:\/\/hostnetart.com.br\/baixada\/wp-json\/wp\/v2\/users\/2"}],"replies":[{"embeddable":true,"href":"https:\/\/hostnetart.com.br\/baixada\/wp-json\/wp\/v2\/comments?post=14527"}],"version-history":[{"count":0,"href":"https:\/\/hostnetart.com.br\/baixada\/wp-json\/wp\/v2\/posts\/14527\/revisions"}],"wp:featuredmedia":[{"embeddable":true,"href":"https:\/\/hostnetart.com.br\/baixada\/wp-json\/wp\/v2\/media\/14526"}],"wp:attachment":[{"href":"https:\/\/hostnetart.com.br\/baixada\/wp-json\/wp\/v2\/media?parent=14527"}],"wp:term":[{"taxonomy":"category","embeddable":true,"href":"https:\/\/hostnetart.com.br\/baixada\/wp-json\/wp\/v2\/categories?post=14527"},{"taxonomy":"post_tag","embeddable":true,"href":"https:\/\/hostnetart.com.br\/baixada\/wp-json\/wp\/v2\/tags?post=14527"}],"curies":[{"name":"wp","href":"https:\/\/api.w.org\/{rel}","templated":true}]}}