{"id":14525,"date":"2023-09-12T15:35:47","date_gmt":"2023-09-12T18:35:47","guid":{"rendered":"https:\/\/hostnetart.com.br\/baixada\/sindicato-promove-campanha-menos-metas-mais-saude-em-santa-cruz-da-serra\/"},"modified":"2023-09-12T15:35:47","modified_gmt":"2023-09-12T18:35:47","slug":"sindicato-promove-campanha-menos-metas-mais-saude-em-santa-cruz-da-serra","status":"publish","type":"post","link":"https:\/\/hostnetart.com.br\/baixada\/sindicato-promove-campanha-menos-metas-mais-saude-em-santa-cruz-da-serra\/","title":{"rendered":"Sindicato promove campanha \u201cMenos Metas, Mais Sa\u00fade\u201d em Santa Cruz da Serra"},"content":{"rendered":"<p>Em raz\u00e3o das ocorr\u00eancias de registros de adoecimento ps\u00edquico na categoria banc\u00e1ria, muitos deles causados pelos mecanismos de cobran\u00e7a de resultados atrav\u00e9s de metas abusivas nos bancos, nesta ter\u00e7a-feira, 12 de setembro, Sindicatos dos Banc\u00e1rios de todo pa\u00eds fizeram atos e manifesta\u00e7\u00f5es para promover a campanha \u201cMenos Metas, Mais Sa\u00fade\u201d. <\/p>\n<p>O Sindicato dos Banc\u00e1rios da Baixada Fluminense participou deste Dia Nacional de Luta, percorrendo ag\u00eancias banc\u00e1rias de Santa Cruz da Serra, bairro de Duque de Caxias, onde os dirigentes sindicais expuseram aos trabalhadores a necessidade de se fortalecer o enfrentamento \u00e0s pol\u00edticas praticadas pelos bancos, que tem levado a categoria ao adoecimento, tanto pelas metas abusivas, quanto pela press\u00e3o por resultados, pelo ass\u00e9dio moral, e a necessidade de erradicar essas pr\u00e1ticas.<\/p>\n<p>Os diretores e diretoras presentes exibiram uma faixa da campanha e entregaram folhetos informativos.<\/p>\n<p>As mobiliza\u00e7\u00f5es tamb\u00e9m ocorreram no ambiente on-line. No Twitter, a hashtag #AVidaAcimaDoLucro ficou entre os assuntos mais comentados.<\/p>\n<p>O Setembro Amarelo, m\u00eas dedicado \u00e0 preven\u00e7\u00e3o ao suic\u00eddio, tamb\u00e9m foi debatido, pois se trata de um tema bastante relevante para a categoria banc\u00e1ria.<\/p>\n<p>O ato foi bem recebido pelos banc\u00e1rios, clientes e usu\u00e1rios dos bancos.<\/p>\n<p><i>*confira mais fotos em fotos em nossas redes sociais\u00a0<\/i><\/p>\n","protected":false},"excerpt":{"rendered":"<p>Em raz\u00e3o das ocorr\u00eancias de registros de adoecimento ps\u00edquico na categoria banc\u00e1ria, muitos deles causados pelos mecanismos de cobran\u00e7a de resultados atrav\u00e9s de metas abusivas nos bancos, nesta ter\u00e7a-feira, 12 de setembro, Sindicatos dos Banc\u00e1rios de todo pa\u00eds fizeram atos e manifesta\u00e7\u00f5es para promover a campanha \u201cMenos Metas, Mais Sa\u00fade\u201d. O Sindicato dos Banc\u00e1rios da [&hellip;]<\/p>\n","protected":false},"author":2,"featured_media":14524,"comment_status":"","ping_status":"","sticky":false,"template":"","format":"standard","meta":{"footnotes":""},"categories":[3],"tags":[],"class_list":["post-14525","post","type-post","status-publish","format-standard","has-post-thumbnail","hentry","category-noticias"],"_links":{"self":[{"href":"https:\/\/hostnetart.com.br\/baixada\/wp-json\/wp\/v2\/posts\/14525","targetHints":{"allow":["GET"]}}],"collection":[{"href":"https:\/\/hostnetart.com.br\/baixada\/wp-json\/wp\/v2\/posts"}],"about":[{"href":"https:\/\/hostnetart.com.br\/baixada\/wp-json\/wp\/v2\/types\/post"}],"author":[{"embeddable":true,"href":"https:\/\/hostnetart.com.br\/baixada\/wp-json\/wp\/v2\/users\/2"}],"replies":[{"embeddable":true,"href":"https:\/\/hostnetart.com.br\/baixada\/wp-json\/wp\/v2\/comments?post=14525"}],"version-history":[{"count":0,"href":"https:\/\/hostnetart.com.br\/baixada\/wp-json\/wp\/v2\/posts\/14525\/revisions"}],"wp:featuredmedia":[{"embeddable":true,"href":"https:\/\/hostnetart.com.br\/baixada\/wp-json\/wp\/v2\/media\/14524"}],"wp:attachment":[{"href":"https:\/\/hostnetart.com.br\/baixada\/wp-json\/wp\/v2\/media?parent=14525"}],"wp:term":[{"taxonomy":"category","embeddable":true,"href":"https:\/\/hostnetart.com.br\/baixada\/wp-json\/wp\/v2\/categories?post=14525"},{"taxonomy":"post_tag","embeddable":true,"href":"https:\/\/hostnetart.com.br\/baixada\/wp-json\/wp\/v2\/tags?post=14525"}],"curies":[{"name":"wp","href":"https:\/\/api.w.org\/{rel}","templated":true}]}}