{"id":14521,"date":"2023-09-11T19:36:04","date_gmt":"2023-09-11T22:36:04","guid":{"rendered":"https:\/\/hostnetart.com.br\/baixada\/santander-vai-pagar-plr-e-ppe-no-dia-29-de-setembro\/"},"modified":"2023-09-11T19:36:04","modified_gmt":"2023-09-11T22:36:04","slug":"santander-vai-pagar-plr-e-ppe-no-dia-29-de-setembro","status":"publish","type":"post","link":"https:\/\/hostnetart.com.br\/baixada\/santander-vai-pagar-plr-e-ppe-no-dia-29-de-setembro\/","title":{"rendered":"Santander vai pagar PLR e PPE no dia 29 de setembro"},"content":{"rendered":"<p>O Santander informou que realizar\u00e1 o pagamento da Participa\u00e7\u00e3o nos Lucros e Resultados (PLR) e do programa de pagamento da vari\u00e1vel semestral, o PPE, tanto para os banc\u00e1rios da rede quanto de departamentos, no dia 29 de setembro.<\/p>\n<p>\u201cA PLR \u00e9 uma conquista muito importante da organiza\u00e7\u00e3o e luta da nossa categoria, assim como o PPE, outra importante conquista, assegurada no Acordo Coletivo de Trabalho (ACT) dos banc\u00e1rios do Santander. Para somar for\u00e7as na luta em defesa destes direitos, e tamb\u00e9m por novas conquistas, fa\u00e7a a sua sindicaliza\u00e7\u00e3o\u201d, destacou a coordenadora da Comiss\u00e3o de Organiza\u00e7\u00e3o dos Empregados (COE) do Santander, Wanessa de Queiroz.<\/p>\n<h3>Dinheiro no bolso<\/h3>\n<p>Apesar de ter definido a data do pagamento, os valores a serem pagos aos banc\u00e1rios ainda s\u00e3o incertos, pois o c\u00e1lculo depende da divulga\u00e7\u00e3o da infla\u00e7\u00e3o (INPC) acumulada entre setembro de 2022 e agosto de 2023, que ser\u00e1 divulgada apenas no dia 12 de setembro (ter\u00e7a-feira).<\/p>\n<p>Mas, segundo definido na Conven\u00e7\u00e3o Coletiva de Trabalho da Categoria (CCT), o valor da antecipa\u00e7\u00e3o da PLR ser\u00e1 composto por uma parcela correspondente \u00e0 \u201cRegra B\u00e1sica\u201d e uma \u201cParcela Adicional\u201d.<\/p>\n<p>Pela \u201cRegra B\u00e1sica\u201d, ser\u00e1 pago o valor correspondente a 54% do sal\u00e1rio-base mais verbas fixas de natureza salarial, vigentes no dia 1\u00ba de setembro de 2022, al\u00e9m do valor fixo, tudo corrigido pelo INPC de setembro de 2022 a agosto de 2023, mais aumento real de 0,5%. O valor tem um teto, que tamb\u00e9m ser\u00e1 corrigido segundo o mesmo \u00edndice.<\/p>\n<p>Pela \u201cParcela Adicional\u201d, o valor ser\u00e1 determinado pela divis\u00e3o em partes iguais entre os funcion\u00e1rios eleg\u00edveis, de acordo com as regras da CCT, do equivalente a 2,2% do lucro l\u00edquido do banco apurado no 1\u00ba semestre de 2023. Na parcela adicional tamb\u00e9m existe um limite que deve ser corrigido.<\/p>\n<p><strong>Fonte: Contraf-CUT<\/strong><\/p>\n","protected":false},"excerpt":{"rendered":"<p>O Santander informou que realizar\u00e1 o pagamento da Participa\u00e7\u00e3o nos Lucros e Resultados (PLR) e do programa de pagamento da vari\u00e1vel semestral, o PPE, tanto para os banc\u00e1rios da rede quanto de departamentos, no dia 29 de setembro. \u201cA PLR \u00e9 uma conquista muito importante da organiza\u00e7\u00e3o e luta da nossa categoria, assim como o [&hellip;]<\/p>\n","protected":false},"author":2,"featured_media":14520,"comment_status":"","ping_status":"","sticky":false,"template":"","format":"standard","meta":{"footnotes":""},"categories":[3],"tags":[],"class_list":["post-14521","post","type-post","status-publish","format-standard","has-post-thumbnail","hentry","category-noticias"],"_links":{"self":[{"href":"https:\/\/hostnetart.com.br\/baixada\/wp-json\/wp\/v2\/posts\/14521","targetHints":{"allow":["GET"]}}],"collection":[{"href":"https:\/\/hostnetart.com.br\/baixada\/wp-json\/wp\/v2\/posts"}],"about":[{"href":"https:\/\/hostnetart.com.br\/baixada\/wp-json\/wp\/v2\/types\/post"}],"author":[{"embeddable":true,"href":"https:\/\/hostnetart.com.br\/baixada\/wp-json\/wp\/v2\/users\/2"}],"replies":[{"embeddable":true,"href":"https:\/\/hostnetart.com.br\/baixada\/wp-json\/wp\/v2\/comments?post=14521"}],"version-history":[{"count":0,"href":"https:\/\/hostnetart.com.br\/baixada\/wp-json\/wp\/v2\/posts\/14521\/revisions"}],"wp:featuredmedia":[{"embeddable":true,"href":"https:\/\/hostnetart.com.br\/baixada\/wp-json\/wp\/v2\/media\/14520"}],"wp:attachment":[{"href":"https:\/\/hostnetart.com.br\/baixada\/wp-json\/wp\/v2\/media?parent=14521"}],"wp:term":[{"taxonomy":"category","embeddable":true,"href":"https:\/\/hostnetart.com.br\/baixada\/wp-json\/wp\/v2\/categories?post=14521"},{"taxonomy":"post_tag","embeddable":true,"href":"https:\/\/hostnetart.com.br\/baixada\/wp-json\/wp\/v2\/tags?post=14521"}],"curies":[{"name":"wp","href":"https:\/\/api.w.org\/{rel}","templated":true}]}}