{"id":14517,"date":"2023-09-08T21:42:07","date_gmt":"2023-09-09T00:42:07","guid":{"rendered":"https:\/\/hostnetart.com.br\/baixada\/itau-paga-plr-e-pcr-no-dia-27\/"},"modified":"2023-09-08T21:42:07","modified_gmt":"2023-09-09T00:42:07","slug":"itau-paga-plr-e-pcr-no-dia-27","status":"publish","type":"post","link":"https:\/\/hostnetart.com.br\/baixada\/itau-paga-plr-e-pcr-no-dia-27\/","title":{"rendered":"Ita\u00fa paga PLR e PCR no dia 27"},"content":{"rendered":"<p>O Banco Ita\u00fa anunciou que ir\u00e1 realizar o pagamento da parcela de antecipa\u00e7\u00e3o da Participa\u00e7\u00e3o nos Lucros e Resultados (PLR) e dos valores correspondentes \u00e0 Participa\u00e7\u00e3o Complementar nos Resultados (PCR), no dia 27 de setembro.<\/p>\n<p>Os valores ser\u00e3o creditados tr\u00eas dias antes do prazo final para o pagamento, que seria dia 30.<\/p>\n<h3>O que mudou no imposto de renda da PLR<\/h3>\n<p>O governo Lula reajustou, em maio deste ano, a tabela do Imposto de Renda sobre a PLR de 2023.<\/p>\n<p>A altera\u00e7\u00e3o foi feita na faixa de isen\u00e7\u00e3o da tabela, que passou dos R$ 6.677,55 para os atuais R$ 7.407,11, um reajuste de 10,93%, ou seja, ampliou-se a faixa de isen\u00e7\u00e3o da PLR. A tabela do IR na PLR n\u00e3o sofria altera\u00e7\u00e3o desde 2015.<\/p>\n<h3>Dinheiro no bolso<\/h3>\n<p>Apesar de ter definido a data do pagamento, os valores a serem pagos aos banc\u00e1rios ainda s\u00e3o incertos, pois o c\u00e1lculo depende da divulga\u00e7\u00e3o da infla\u00e7\u00e3o (INPC) acumulada entre setembro de 2022 e agosto de 2023, que ser\u00e1 divulgada apenas no dia 12 de setembro (ter\u00e7a-feira).<\/p>\n<p>Mas, segundo definido na <a href=\"https:\/\/contrafcut.com.br\/wp-content\/uploads\/2022\/09\/fenaban-cct-plr-2022-2023.pdf\" target=\"_blank\" rel=\"noopener noreferrer\">Conven\u00e7\u00e3o Coletiva de Trabalho da Categoria (CCT)<\/a>, o valor da antecipa\u00e7\u00e3o da PLR ser\u00e1 composto por uma parcela correspondente \u00e0 \u201cRegra B\u00e1sica\u201d e uma \u201cParcela Adicional\u201d.<\/p>\n<p>Pela \u201cRegra B\u00e1sica\u201d, ser\u00e1 pago o valor correspondente a 54% do sal\u00e1rio-base mais verbas fixas de natureza salarial, vigentes no dia 1\u00ba de setembro de 2022, corrigido pelo INPC de setembro de 2022 a agosto de 2023, mais aumento real de 0,5%. O valor tem um teto, que tamb\u00e9m ser\u00e1 corrigido segundo o mesmo \u00edndice.<\/p>\n<p>Pela \u201cParcela Adicional\u201d, o valor ser\u00e1 determinado pela divis\u00e3o em partes iguais entre os funcion\u00e1rios eleg\u00edveis, de acordo com as regras da CCT, do equivalente a 2,2% do lucro l\u00edquido do banco apurado no 1\u00ba semestre de 2023. Na parcela adicional tamb\u00e9m existe um limite que deve ser corrigido.<\/p>\n<p>Os bancos podem descontar os valores pagos em programas pr\u00f3prios na parcela a ser paga como \u201cRegra B\u00e1sica\u201d, mas n\u00e3o podem efetuar o desconto na \u201cParcela Adicional\u201d.<\/p>\n<h3>PCR<\/h3>\n<p>Conforme <a href=\"https:\/\/spbancarios.com.br\/06\/2023\/bancarios-do-itau-aprovam-acordos-coletivos-de-trabalho\" target=\"_blank\" rel=\"noopener noreferrer\">aprovado pelos trabalhadores<\/a>, no acordo 2023\/2024, para o pagamento da PCR ser\u00e1 adotado os seguintes \u00edndices: caso o ROE seja de at\u00e9 22%, o pagamento da PCR ser\u00e1 de R$ 3.515,00; caso o percentual seja maior que 22,1%, o valor passa a ser de R$ 3.684,42 \u2013 neste caso a diferen\u00e7a ser\u00e1 paga junto com a segundo parcela da PLR, em 2024.<\/p>\n<p>\u00a0<\/p>\n","protected":false},"excerpt":{"rendered":"<p>O Banco Ita\u00fa anunciou que ir\u00e1 realizar o pagamento da parcela de antecipa\u00e7\u00e3o da Participa\u00e7\u00e3o nos Lucros e Resultados (PLR) e dos valores correspondentes \u00e0 Participa\u00e7\u00e3o Complementar nos Resultados (PCR), no dia 27 de setembro. Os valores ser\u00e3o creditados tr\u00eas dias antes do prazo final para o pagamento, que seria dia 30. O que mudou [&hellip;]<\/p>\n","protected":false},"author":2,"featured_media":14516,"comment_status":"","ping_status":"","sticky":false,"template":"","format":"standard","meta":{"footnotes":""},"categories":[3],"tags":[],"class_list":["post-14517","post","type-post","status-publish","format-standard","has-post-thumbnail","hentry","category-noticias"],"_links":{"self":[{"href":"https:\/\/hostnetart.com.br\/baixada\/wp-json\/wp\/v2\/posts\/14517","targetHints":{"allow":["GET"]}}],"collection":[{"href":"https:\/\/hostnetart.com.br\/baixada\/wp-json\/wp\/v2\/posts"}],"about":[{"href":"https:\/\/hostnetart.com.br\/baixada\/wp-json\/wp\/v2\/types\/post"}],"author":[{"embeddable":true,"href":"https:\/\/hostnetart.com.br\/baixada\/wp-json\/wp\/v2\/users\/2"}],"replies":[{"embeddable":true,"href":"https:\/\/hostnetart.com.br\/baixada\/wp-json\/wp\/v2\/comments?post=14517"}],"version-history":[{"count":0,"href":"https:\/\/hostnetart.com.br\/baixada\/wp-json\/wp\/v2\/posts\/14517\/revisions"}],"wp:featuredmedia":[{"embeddable":true,"href":"https:\/\/hostnetart.com.br\/baixada\/wp-json\/wp\/v2\/media\/14516"}],"wp:attachment":[{"href":"https:\/\/hostnetart.com.br\/baixada\/wp-json\/wp\/v2\/media?parent=14517"}],"wp:term":[{"taxonomy":"category","embeddable":true,"href":"https:\/\/hostnetart.com.br\/baixada\/wp-json\/wp\/v2\/categories?post=14517"},{"taxonomy":"post_tag","embeddable":true,"href":"https:\/\/hostnetart.com.br\/baixada\/wp-json\/wp\/v2\/tags?post=14517"}],"curies":[{"name":"wp","href":"https:\/\/api.w.org\/{rel}","templated":true}]}}