{"id":14515,"date":"2023-09-08T16:39:16","date_gmt":"2023-09-08T19:39:16","guid":{"rendered":"https:\/\/hostnetart.com.br\/baixada\/vem-ai-o-botequim-dos-bancarios-e-das-bancarias-de-setembro\/"},"modified":"2023-09-08T16:39:16","modified_gmt":"2023-09-08T19:39:16","slug":"vem-ai-o-botequim-dos-bancarios-e-das-bancarias-de-setembro","status":"publish","type":"post","link":"https:\/\/hostnetart.com.br\/baixada\/vem-ai-o-botequim-dos-bancarios-e-das-bancarias-de-setembro\/","title":{"rendered":"Vem a\u00ed o \u201cBotequim dos Banc\u00e1rios e das Banc\u00e1rias\u201d de setembro"},"content":{"rendered":"<p>No pr\u00f3ximo dia 14 de setembro, o Sindicato dos Banc\u00e1rios da Baixada Fluminense ir\u00e1 promover mais um \u201cBotequim dos Banc\u00e1rios e das Banc\u00e1rias\u201d.<\/p>\n<p>O evento ocorre na Sede do Sindicato, em Duque de Caxias, e ter\u00e1 como atra\u00e7\u00e3o a cantora Micarla, que sacudiu a Festa dos Banc\u00e1rios, al\u00e9m de DJ, churrasco liberado e muita anima\u00e7\u00e3o.<\/p>\n<p>N\u00e3o percam!<\/p>\n<p><b>Confira as informa\u00e7\u00f5es:<\/b><\/p>\n<p>Data: 14\/9<\/p>\n<p>Hor\u00e1rio: a partir das 17 horas<\/p>\n<p>Local: Sede do Sindicato (R. Prof. Henrique Ferreira Gomes, 179 &#8211; Duque de Caxias)<\/p>\n<p>Churrasco liberado e bebidas \u00e0 parte.<\/p>\n","protected":false},"excerpt":{"rendered":"<p>No pr\u00f3ximo dia 14 de setembro, o Sindicato dos Banc\u00e1rios da Baixada Fluminense ir\u00e1 promover mais um \u201cBotequim dos Banc\u00e1rios e das Banc\u00e1rias\u201d. O evento ocorre na Sede do Sindicato, em Duque de Caxias, e ter\u00e1 como atra\u00e7\u00e3o a cantora Micarla, que sacudiu a Festa dos Banc\u00e1rios, al\u00e9m de DJ, churrasco liberado e muita anima\u00e7\u00e3o. [&hellip;]<\/p>\n","protected":false},"author":2,"featured_media":14514,"comment_status":"","ping_status":"","sticky":false,"template":"","format":"standard","meta":{"footnotes":""},"categories":[3],"tags":[],"class_list":["post-14515","post","type-post","status-publish","format-standard","has-post-thumbnail","hentry","category-noticias"],"_links":{"self":[{"href":"https:\/\/hostnetart.com.br\/baixada\/wp-json\/wp\/v2\/posts\/14515","targetHints":{"allow":["GET"]}}],"collection":[{"href":"https:\/\/hostnetart.com.br\/baixada\/wp-json\/wp\/v2\/posts"}],"about":[{"href":"https:\/\/hostnetart.com.br\/baixada\/wp-json\/wp\/v2\/types\/post"}],"author":[{"embeddable":true,"href":"https:\/\/hostnetart.com.br\/baixada\/wp-json\/wp\/v2\/users\/2"}],"replies":[{"embeddable":true,"href":"https:\/\/hostnetart.com.br\/baixada\/wp-json\/wp\/v2\/comments?post=14515"}],"version-history":[{"count":0,"href":"https:\/\/hostnetart.com.br\/baixada\/wp-json\/wp\/v2\/posts\/14515\/revisions"}],"wp:featuredmedia":[{"embeddable":true,"href":"https:\/\/hostnetart.com.br\/baixada\/wp-json\/wp\/v2\/media\/14514"}],"wp:attachment":[{"href":"https:\/\/hostnetart.com.br\/baixada\/wp-json\/wp\/v2\/media?parent=14515"}],"wp:term":[{"taxonomy":"category","embeddable":true,"href":"https:\/\/hostnetart.com.br\/baixada\/wp-json\/wp\/v2\/categories?post=14515"},{"taxonomy":"post_tag","embeddable":true,"href":"https:\/\/hostnetart.com.br\/baixada\/wp-json\/wp\/v2\/tags?post=14515"}],"curies":[{"name":"wp","href":"https:\/\/api.w.org\/{rel}","templated":true}]}}