{"id":14513,"date":"2023-09-06T17:07:02","date_gmt":"2023-09-06T20:07:02","guid":{"rendered":"https:\/\/hostnetart.com.br\/baixada\/cee-negocia-incorporacao-do-plano-reb-com-a-funcef\/"},"modified":"2023-09-06T17:07:02","modified_gmt":"2023-09-06T20:07:02","slug":"cee-negocia-incorporacao-do-plano-reb-com-a-funcef","status":"publish","type":"post","link":"https:\/\/hostnetart.com.br\/baixada\/cee-negocia-incorporacao-do-plano-reb-com-a-funcef\/","title":{"rendered":"CEE negocia incorpora\u00e7\u00e3o do plano REB com a Funcef"},"content":{"rendered":"<p>A Comiss\u00e3o Executiva dos Empregados (CEE) se re\u00fane nesta quarta-feira (6) com a Funda\u00e7\u00e3o dos Economi\u00e1rios Federais (Funcef) para tratar sobre a incorpora\u00e7\u00e3o do Plano de Benef\u00edcios (REB) ao Novo Plano.<\/p>\n<p>\u201cTrata-se de uma reivindica\u00e7\u00e3o antiga, desde a cria\u00e7\u00e3o do Novo Plano, em 2006, para tentar reparar as desvantagens do REB, que havia sido criado em 1998, durante o governo Fernando Henrique Cardoso, que preparava Caixa para a privatiza\u00e7\u00e3o\u201d, lembrou a coordenadora da CEE, Fabiana Uehara Proscholdt.<\/p>\n<p>Ap\u00f3s v\u00e1rias tratativas, entre avan\u00e7os e retrocessos, uma metodologia para a incorpora\u00e7\u00e3o foi apresentada em mesa de negocia\u00e7\u00e3o em outubro de 2014 e a incorpora\u00e7\u00e3o foi inclu\u00edda em cl\u00e1usula no Acordo Coletivo de Trabalho de 2014\/2015. Mas, em 2017, durante o governo Temer, a Secretaria do Tesouro Nacional (STN) e a Secretaria de Coordena\u00e7\u00e3o e Governan\u00e7a das Empresas Estatais (Sest), criou impeditivos em rela\u00e7\u00e3o aos c\u00e1lculos retroativos. As negocia\u00e7\u00f5es ficaram emperradas durante todo o governo Bolsonaro.<\/p>\n<p>\u201cVamos retomar as negocia\u00e7\u00f5es para buscar os reparos do REB\u201d, disse a coordenadora da CEE.<\/p>\n<p>A reuni\u00e3o ser\u00e1 realizada de forma remota, por plataforma de videoconfer\u00eancia, a partir das 15.<\/p>\n<p><strong>Fonte: Contraf-CUT<\/strong><\/p>\n","protected":false},"excerpt":{"rendered":"<p>A Comiss\u00e3o Executiva dos Empregados (CEE) se re\u00fane nesta quarta-feira (6) com a Funda\u00e7\u00e3o dos Economi\u00e1rios Federais (Funcef) para tratar sobre a incorpora\u00e7\u00e3o do Plano de Benef\u00edcios (REB) ao Novo Plano. \u201cTrata-se de uma reivindica\u00e7\u00e3o antiga, desde a cria\u00e7\u00e3o do Novo Plano, em 2006, para tentar reparar as desvantagens do REB, que havia sido criado [&hellip;]<\/p>\n","protected":false},"author":2,"featured_media":14512,"comment_status":"","ping_status":"","sticky":false,"template":"","format":"standard","meta":{"footnotes":""},"categories":[3],"tags":[],"class_list":["post-14513","post","type-post","status-publish","format-standard","has-post-thumbnail","hentry","category-noticias"],"_links":{"self":[{"href":"https:\/\/hostnetart.com.br\/baixada\/wp-json\/wp\/v2\/posts\/14513","targetHints":{"allow":["GET"]}}],"collection":[{"href":"https:\/\/hostnetart.com.br\/baixada\/wp-json\/wp\/v2\/posts"}],"about":[{"href":"https:\/\/hostnetart.com.br\/baixada\/wp-json\/wp\/v2\/types\/post"}],"author":[{"embeddable":true,"href":"https:\/\/hostnetart.com.br\/baixada\/wp-json\/wp\/v2\/users\/2"}],"replies":[{"embeddable":true,"href":"https:\/\/hostnetart.com.br\/baixada\/wp-json\/wp\/v2\/comments?post=14513"}],"version-history":[{"count":0,"href":"https:\/\/hostnetart.com.br\/baixada\/wp-json\/wp\/v2\/posts\/14513\/revisions"}],"wp:featuredmedia":[{"embeddable":true,"href":"https:\/\/hostnetart.com.br\/baixada\/wp-json\/wp\/v2\/media\/14512"}],"wp:attachment":[{"href":"https:\/\/hostnetart.com.br\/baixada\/wp-json\/wp\/v2\/media?parent=14513"}],"wp:term":[{"taxonomy":"category","embeddable":true,"href":"https:\/\/hostnetart.com.br\/baixada\/wp-json\/wp\/v2\/categories?post=14513"},{"taxonomy":"post_tag","embeddable":true,"href":"https:\/\/hostnetart.com.br\/baixada\/wp-json\/wp\/v2\/tags?post=14513"}],"curies":[{"name":"wp","href":"https:\/\/api.w.org\/{rel}","templated":true}]}}