{"id":14511,"date":"2023-09-06T17:04:58","date_gmt":"2023-09-06T20:04:58","guid":{"rendered":"https:\/\/hostnetart.com.br\/baixada\/contraf-cut-e-fenae-vao-tratar-sobre-equacionamento-de-deficits-com-a-funcef\/"},"modified":"2023-09-06T17:04:58","modified_gmt":"2023-09-06T20:04:58","slug":"contraf-cut-e-fenae-vao-tratar-sobre-equacionamento-de-deficits-com-a-funcef","status":"publish","type":"post","link":"https:\/\/hostnetart.com.br\/baixada\/contraf-cut-e-fenae-vao-tratar-sobre-equacionamento-de-deficits-com-a-funcef\/","title":{"rendered":"Contraf-CUT e Fenae v\u00e3o tratar sobre equacionamento de d\u00e9ficits com a Funcef"},"content":{"rendered":"<p>A Confedera\u00e7\u00e3o Nacional dos Trabalhadores do Ramo Financeiro (Contraf-CUT) e a Federa\u00e7\u00e3o Nacional das Associa\u00e7\u00f5es do Pessoal da Caixa Econ\u00f4mica Federal (Fenae) se re\u00fanem com a Funda\u00e7\u00e3o dos Economi\u00e1rios Federais (Funcef) no dia 11 de setembro, em Bras\u00edlia, para tratar sobre o equacionamento dos d\u00e9ficits do plano REG\/Replan.<\/p>\n<p>A reuni\u00e3o vai acontecer a pedido da representa\u00e7\u00e3o das empregadas e empregados, que enviou um\u00a0<a href=\"https:\/\/contrafcut.com.br\/of00223\/\" target=\"_blank\" rel=\"noopener noreferrer\">of\u00edcio para a Funcef<\/a>\u00a0solicita\u00e7\u00e3o para tratar do assunto e de outros pontos de interesse dos trabalhadores.<\/p>\n<p><strong>Fonte: Contraf-CUT<\/strong><\/p>\n","protected":false},"excerpt":{"rendered":"<p>A Confedera\u00e7\u00e3o Nacional dos Trabalhadores do Ramo Financeiro (Contraf-CUT) e a Federa\u00e7\u00e3o Nacional das Associa\u00e7\u00f5es do Pessoal da Caixa Econ\u00f4mica Federal (Fenae) se re\u00fanem com a Funda\u00e7\u00e3o dos Economi\u00e1rios Federais (Funcef) no dia 11 de setembro, em Bras\u00edlia, para tratar sobre o equacionamento dos d\u00e9ficits do plano REG\/Replan. A reuni\u00e3o vai acontecer a pedido da [&hellip;]<\/p>\n","protected":false},"author":2,"featured_media":14510,"comment_status":"","ping_status":"","sticky":false,"template":"","format":"standard","meta":{"footnotes":""},"categories":[3],"tags":[],"class_list":["post-14511","post","type-post","status-publish","format-standard","has-post-thumbnail","hentry","category-noticias"],"_links":{"self":[{"href":"https:\/\/hostnetart.com.br\/baixada\/wp-json\/wp\/v2\/posts\/14511","targetHints":{"allow":["GET"]}}],"collection":[{"href":"https:\/\/hostnetart.com.br\/baixada\/wp-json\/wp\/v2\/posts"}],"about":[{"href":"https:\/\/hostnetart.com.br\/baixada\/wp-json\/wp\/v2\/types\/post"}],"author":[{"embeddable":true,"href":"https:\/\/hostnetart.com.br\/baixada\/wp-json\/wp\/v2\/users\/2"}],"replies":[{"embeddable":true,"href":"https:\/\/hostnetart.com.br\/baixada\/wp-json\/wp\/v2\/comments?post=14511"}],"version-history":[{"count":0,"href":"https:\/\/hostnetart.com.br\/baixada\/wp-json\/wp\/v2\/posts\/14511\/revisions"}],"wp:featuredmedia":[{"embeddable":true,"href":"https:\/\/hostnetart.com.br\/baixada\/wp-json\/wp\/v2\/media\/14510"}],"wp:attachment":[{"href":"https:\/\/hostnetart.com.br\/baixada\/wp-json\/wp\/v2\/media?parent=14511"}],"wp:term":[{"taxonomy":"category","embeddable":true,"href":"https:\/\/hostnetart.com.br\/baixada\/wp-json\/wp\/v2\/categories?post=14511"},{"taxonomy":"post_tag","embeddable":true,"href":"https:\/\/hostnetart.com.br\/baixada\/wp-json\/wp\/v2\/tags?post=14511"}],"curies":[{"name":"wp","href":"https:\/\/api.w.org\/{rel}","templated":true}]}}