{"id":1451,"date":"2014-07-12T00:00:00","date_gmt":"2014-07-12T03:00:00","guid":{"rendered":"https:\/\/hostnetart.com.br\/baixada\/cut-lanca-estudo-os-brics-e-a-acao-sindical-e-reforca-atuacao-em-bloco\/"},"modified":"2014-07-12T00:00:00","modified_gmt":"2014-07-12T03:00:00","slug":"cut-lanca-estudo-os-brics-e-a-acao-sindical-e-reforca-atuacao-em-bloco","status":"publish","type":"post","link":"https:\/\/hostnetart.com.br\/baixada\/cut-lanca-estudo-os-brics-e-a-acao-sindical-e-reforca-atuacao-em-bloco\/","title":{"rendered":"CUT lan\u00e7a estudo \u201cOs Brics e a a\u00e7\u00e3o sindical\u201d e refor\u00e7a atua\u00e7\u00e3o em bloco"},"content":{"rendered":"<p>\u00c0s v\u00e9speras da VI C\u00fapula dos Brics (Brasil, R\u00fassia, \u00cdndia, China e \u00c1frica do Sul), que inicia na pr\u00f3xima ter\u00e7a-feira (15) em Fortaleza, a Central \u00danica dos Trabalhadores (CUT) lan\u00e7a um importante estudo para subsidiar o debate do ponto de vista da organiza\u00e7\u00e3o dos trabalhadores.<\/p>\n<p>Com 56 p\u00e1ginas, \u201cOs Brics e a a\u00e7\u00e3o sindical\u201d apresenta an\u00e1lises econ\u00f4micas e sociais que contribuem para que o bloco surgido em 2001 conte com uma participa\u00e7\u00e3o ativa e qualificada, fortalecendo a luta por \u201cum modelo de desenvolvimento sustent\u00e1vel, socialmente justo e uma alternativa contra hegem\u00f4nica \u00e0 problem\u00e1tica ordem internacional vigente\u201d.<\/p>\n<p>&gt; Clique\u00a0<a href=\"http:\/\/www.contrafcut.org.br\/download\/Arquivo\/14710184825.pdf\" target=\"_blank\" rel=\"noopener noreferrer\">aqui<\/a>\u00a0para ler a publica\u00e7\u00e3o.<\/p>\n<p>O secret\u00e1rio de Rela\u00e7\u00f5es Internacionais da CUT e presidente da Confedera\u00e7\u00e3o Sindical Internacional (CSI), Jo\u00e3o Antonio Fel\u00edcio, destaca que \u201ccom relevante diversifica\u00e7\u00e3o produtiva, consider\u00e1vel influ\u00eancia regional e relev\u00e2ncia internacional\u201d, nossos pa\u00edses potencializam seu peso com a \u201catua\u00e7\u00e3o em bloco\u201d.<\/p>\n<p>\u201cCom exce\u00e7\u00e3o da \u00c1frica do Sul, os valores em d\u00f3lares do Produto Interno Bruto (PIB) dos pa\u00edses do Brics em 2012 os colocavam como as maiores economias do mundo: entre as 11 primeiras, quatro eram pa\u00edses do Brics\u201d, destaca.<\/p>\n<p>Na apresenta\u00e7\u00e3o da publica\u00e7\u00e3o, que conta com o apoio da Funda\u00e7\u00e3o Friedrich Ebert, Jo\u00e3o Fel\u00edcio sublinha algumas das potencialidades a serem exploradas: \u201cA R\u00fassia se destaca principalmente pela produ\u00e7\u00e3o de energia, petr\u00f3leo e g\u00e1s; o Brasil pela for\u00e7a de sua agricultura e recursos naturais; a China pela pot\u00eancia de seu parque industrial e vasta m\u00e3o de obra; a \u00cdndia pelo alto n\u00edvel dos servi\u00e7os de inform\u00e1tica e telecomunica\u00e7\u00f5es; e a \u00c1frica do Sul pelas suas grandes reservas minerais. Tamanha diversidade vem sendo apontada por muitos analistas como uma fraqueza, mas, contra estes progn\u00f3sticos a crescente coopera\u00e7\u00e3o intra-Brics se mostra um dos aspectos mais surpreendentes deste bloco\u201d.<\/p>\n<p>Principalmente no caso do Brasil e da \u00c1frica do Sul, lembra o sindicalista, se comparados com os outros membros do bloco, \u201cexiste ainda uma quest\u00e3o fundamental: o grande poder das corpora\u00e7\u00f5es transnacionais dos pa\u00edses desenvolvidos dentro dessas economias nacionais, significando que muitas decis\u00f5es estrat\u00e9gicas relativas a investimentos, tecnologia, estrat\u00e9gia comercial e sobre como organizar as cadeias produtivas, entre outras, s\u00e3o tomadas fora do pa\u00eds obedecendo a interesses pol\u00edtico-econ\u00f4micos sem compromisso algum com a classe trabalhadora local\u201d.<\/p>\n<p>Defendendo \u201cmais transpar\u00eancia e participa\u00e7\u00e3o social\u201d, Jo\u00e3o Fel\u00edcio lembra que \u201ca abertura j\u00e1 consolidada para a participa\u00e7\u00e3o de setores acad\u00eamicos e empresariais precisa a partir de agora ser aprofundada com a cria\u00e7\u00e3o de um espa\u00e7o oficial para a inser\u00e7\u00e3o dos trabalhadores dos BRICS, avan\u00e7ando na democracia interna do bloco\u201d. O trabalho conjunto a partir de agora, avalia, \u00e9 central para que \u201co bloco n\u00e3o seja apenas mais uma articula\u00e7\u00e3o internacional que n\u00e3o d\u00e1 ouvidos aos trabalhadores\u201d.<\/p>\n<p>\u201cNossas centrais t\u00eam ao menos quatro desafios nesse processo: aprofundar o conhecimento m\u00fatuo de nossas realidades nacionais em especial sobre os desafios do movimento sindical de cada pa\u00eds, de modo a poder difundir experi\u00eancias de solidariedade e levar adiante lutas comuns; trabalhar em conjunto no sentido de identificar crit\u00e9rios m\u00ednimos de rela\u00e7\u00f5es de trabalho para os cinco pa\u00edses BRICS (e para pa\u00edses que recebam investimentos financiados pelo futuro Banco dos BRICS, por exemplo); trabalhar no sentido de difundir as melhores pr\u00e1ticas de pol\u00edticas laborais e sociais que vem sendo executadas em cada um dos pa\u00edses e apreender como os demais podem se beneficiar neste interc\u00e2mbio; e desenvolver an\u00e1lises consistentes sobre a presen\u00e7a e atua\u00e7\u00e3o das multinacionais dos respectivos pa\u00edses do BRICS e verificar se as mesmas est\u00e3o de acordo com as normas fundamentais do trabalho da OIT\u201d, ressalta Jo\u00e3o Fel\u00edcio.<\/p>\n<p>Fonte: CUT com Funda\u00e7\u00e3o Friedrich Ebert<\/p>\n","protected":false},"excerpt":{"rendered":"<p>\u00c0s v\u00e9speras da VI C\u00fapula dos Brics (Brasil, R\u00fassia, \u00cdndia, China e \u00c1frica do Sul), que inicia na pr\u00f3xima ter\u00e7a-feira (15) em Fortaleza, a Central \u00danica dos Trabalhadores (CUT) lan\u00e7a um importante estudo para subsidiar o debate do ponto de vista da organiza\u00e7\u00e3o dos trabalhadores. Com 56 p\u00e1ginas, \u201cOs Brics e a a\u00e7\u00e3o sindical\u201d apresenta [&hellip;]<\/p>\n","protected":false},"author":1,"featured_media":0,"comment_status":"","ping_status":"","sticky":false,"template":"","format":"standard","meta":{"footnotes":""},"categories":[3],"tags":[],"class_list":["post-1451","post","type-post","status-publish","format-standard","hentry","category-noticias"],"_links":{"self":[{"href":"https:\/\/hostnetart.com.br\/baixada\/wp-json\/wp\/v2\/posts\/1451","targetHints":{"allow":["GET"]}}],"collection":[{"href":"https:\/\/hostnetart.com.br\/baixada\/wp-json\/wp\/v2\/posts"}],"about":[{"href":"https:\/\/hostnetart.com.br\/baixada\/wp-json\/wp\/v2\/types\/post"}],"author":[{"embeddable":true,"href":"https:\/\/hostnetart.com.br\/baixada\/wp-json\/wp\/v2\/users\/1"}],"replies":[{"embeddable":true,"href":"https:\/\/hostnetart.com.br\/baixada\/wp-json\/wp\/v2\/comments?post=1451"}],"version-history":[{"count":0,"href":"https:\/\/hostnetart.com.br\/baixada\/wp-json\/wp\/v2\/posts\/1451\/revisions"}],"wp:attachment":[{"href":"https:\/\/hostnetart.com.br\/baixada\/wp-json\/wp\/v2\/media?parent=1451"}],"wp:term":[{"taxonomy":"category","embeddable":true,"href":"https:\/\/hostnetart.com.br\/baixada\/wp-json\/wp\/v2\/categories?post=1451"},{"taxonomy":"post_tag","embeddable":true,"href":"https:\/\/hostnetart.com.br\/baixada\/wp-json\/wp\/v2\/tags?post=1451"}],"curies":[{"name":"wp","href":"https:\/\/api.w.org\/{rel}","templated":true}]}}