{"id":14509,"date":"2023-09-05T16:03:59","date_gmt":"2023-09-05T19:03:59","guid":{"rendered":"https:\/\/hostnetart.com.br\/baixada\/setembro-amarelo-um-gesto-de-afeto-pode-mudar-tudo\/"},"modified":"2023-09-05T16:03:59","modified_gmt":"2023-09-05T19:03:59","slug":"setembro-amarelo-um-gesto-de-afeto-pode-mudar-tudo","status":"publish","type":"post","link":"https:\/\/hostnetart.com.br\/baixada\/setembro-amarelo-um-gesto-de-afeto-pode-mudar-tudo\/","title":{"rendered":"Setembro Amarelo: Um gesto de afeto pode mudar tudo"},"content":{"rendered":"<p>O Setembro Amarelo \u00e9 uma campanha nacional importante que tem como foco a preven\u00e7\u00e3o do suic\u00eddio.<\/p>\n<p>Receber uma palavra ou um gesto de afeto em um ambiente institucional pode ser uma importante ajuda para pessoas que passam por situa\u00e7\u00f5es de sofrimento mental e pode ser essencial para salvar vidas.<\/p>\n<p>O Setembro Amarelo \u00e9 uma campanha criada e estabelecida no Brasil, desde 2014, pela Associa\u00e7\u00e3o Brasileira de Psiquiatria (ABP) junto ao Conselho Federal de Medicina (CFM).<\/p>\n<p>Tem como objetivo principalmente o combate e a preven\u00e7\u00e3o ao suic\u00eddio no Brasil.<\/p>\n<p>Como o dia D, mundial, escolhido pela Organiza\u00e7\u00e3o Mundial de Sa\u00fade (OMS), foi o dia 10 de Setembro, o m\u00eas escolhido para a campanha foi este.<\/p>\n<p>\u00a0<\/p>\n","protected":false},"excerpt":{"rendered":"<p>O Setembro Amarelo \u00e9 uma campanha nacional importante que tem como foco a preven\u00e7\u00e3o do suic\u00eddio. Receber uma palavra ou um gesto de afeto em um ambiente institucional pode ser uma importante ajuda para pessoas que passam por situa\u00e7\u00f5es de sofrimento mental e pode ser essencial para salvar vidas. O Setembro Amarelo \u00e9 uma campanha [&hellip;]<\/p>\n","protected":false},"author":2,"featured_media":14508,"comment_status":"","ping_status":"","sticky":false,"template":"","format":"standard","meta":{"footnotes":""},"categories":[3],"tags":[],"class_list":["post-14509","post","type-post","status-publish","format-standard","has-post-thumbnail","hentry","category-noticias"],"_links":{"self":[{"href":"https:\/\/hostnetart.com.br\/baixada\/wp-json\/wp\/v2\/posts\/14509","targetHints":{"allow":["GET"]}}],"collection":[{"href":"https:\/\/hostnetart.com.br\/baixada\/wp-json\/wp\/v2\/posts"}],"about":[{"href":"https:\/\/hostnetart.com.br\/baixada\/wp-json\/wp\/v2\/types\/post"}],"author":[{"embeddable":true,"href":"https:\/\/hostnetart.com.br\/baixada\/wp-json\/wp\/v2\/users\/2"}],"replies":[{"embeddable":true,"href":"https:\/\/hostnetart.com.br\/baixada\/wp-json\/wp\/v2\/comments?post=14509"}],"version-history":[{"count":0,"href":"https:\/\/hostnetart.com.br\/baixada\/wp-json\/wp\/v2\/posts\/14509\/revisions"}],"wp:featuredmedia":[{"embeddable":true,"href":"https:\/\/hostnetart.com.br\/baixada\/wp-json\/wp\/v2\/media\/14508"}],"wp:attachment":[{"href":"https:\/\/hostnetart.com.br\/baixada\/wp-json\/wp\/v2\/media?parent=14509"}],"wp:term":[{"taxonomy":"category","embeddable":true,"href":"https:\/\/hostnetart.com.br\/baixada\/wp-json\/wp\/v2\/categories?post=14509"},{"taxonomy":"post_tag","embeddable":true,"href":"https:\/\/hostnetart.com.br\/baixada\/wp-json\/wp\/v2\/tags?post=14509"}],"curies":[{"name":"wp","href":"https:\/\/api.w.org\/{rel}","templated":true}]}}