{"id":14505,"date":"2023-09-05T15:22:23","date_gmt":"2023-09-05T18:22:23","guid":{"rendered":"https:\/\/hostnetart.com.br\/baixada\/forum-pela-visibilidade-negra-no-sistema-financeiro-sera-em-porto-alegre\/"},"modified":"2023-09-05T15:22:23","modified_gmt":"2023-09-05T18:22:23","slug":"forum-pela-visibilidade-negra-no-sistema-financeiro-sera-em-porto-alegre","status":"publish","type":"post","link":"https:\/\/hostnetart.com.br\/baixada\/forum-pela-visibilidade-negra-no-sistema-financeiro-sera-em-porto-alegre\/","title":{"rendered":"F\u00f3rum pela Visibilidade Negra no Sistema Financeiro ser\u00e1 em Porto Alegre"},"content":{"rendered":"<p>A Confedera\u00e7\u00e3o Nacional dos Trabalhadores do Ramo Financeiro (Contraf-CUT) realizar\u00e1, nos dias 10 e 11 de novembro, o VII F\u00f3rum Nacional pela Visibilidade Negra no Sistema Financeiro. O evento ser\u00e1 em Porto Alegre, capital do Rio Grande do Sul.<\/p>\n<p>O encontro, voltado a dirigentes sindicais e assessorias respons\u00e1veis pelas secretarias de pol\u00edticas sociais dos sindicatos e federa\u00e7\u00f5es, coloca como eixo central a defesa de mais contrata\u00e7\u00f5es de negros e negras nos bancos desde sua primeira edi\u00e7\u00e3o, realizada em 2011.<\/p>\n<p>\u201cNo VII F\u00f3rum Nacional pela Visibilidade Negra no Sistema Financeiro, vamos discutir o racismo na sociedade e seus reflexos no mercado de trabalho, como sempre fizemos nas edi\u00e7\u00f5es anteriores\u201d, antecipa o secret\u00e1rio de Combate ao Racismo da Contraf-CUT, Almir Aguiar. A programa\u00e7\u00e3o completa ser\u00e1 divulgada nos pr\u00f3ximos dias.<\/p>\n<p>O secret\u00e1rio afirma que o objetivo maior do F\u00f3rum \u00e9 fortalecer o debate sobre as quest\u00f5es raciais e as formas de atua\u00e7\u00e3o sindical para ampliar o n\u00famero de negras e negros na categoria banc\u00e1ria. \u201cO evento \u00e9 tamb\u00e9m parte importante da luta do movimento negro para que todos os trabalhadores dos mais diversos segmentos tenham oportunidade de acesso ao emprego e sal\u00e1rio justo, da luta contra o racismo no trabalho e na vida\u201d, diz.<a><\/p>\n<p><\/a><\/p>\n<h3><strong>Discrimina\u00e7\u00e3o estrutural<\/strong><\/h3>\n<p>Enquanto 57% da popula\u00e7\u00e3o brasileira s\u00e3o formados por negras e negros, a categoria banc\u00e1ria tem apenas 23,6% desse segmento em seus quadros. J\u00e1 a parcela de brancos e brancas \u00e9 de 72,6%. A remunera\u00e7\u00e3o da mulher preta banc\u00e1ria \u00e9, em m\u00e9dia, 40,6% menor que a do banc\u00e1rio homem branco. As informa\u00e7\u00f5es foram sistematizadas pela Rede Banc\u00e1rios do Departamento Intersindical de Estat\u00edstica e Estudos Socioecon\u00f4micos (Dieese), com base em dados do IBGE e do Minist\u00e9rio do Trabalho.\u00a0<a href=\"https:\/\/contrafcut.com.br\/wp-content\/uploads\/2023\/09\/discriminacao-racialno-sistema-financeiro.pdf\" target=\"_blank\" rel=\"noopener noreferrer\">Veja o estudo completo aqui<\/a>.<\/p>\n<p>Na sociedade, a viol\u00eancia tamb\u00e9m reflete o racismo estrutural no Brasil. Conforme dados do\u00a0<a href=\"https:\/\/contrafcut.com.br\/noticias\/anuario-mostra-violencia-maior-contra-negros-mulheres-e-criancas\/?swcfpc=1\" target=\"_blank\" rel=\"noopener noreferrer\">Anu\u00e1rio Brasileiro de Seguran\u00e7a P\u00fablica de 2022<\/a>, nesse ano, das 47.508 mortes violentas no pa\u00eds, 76,9% das v\u00edtimas eram pessoas negras e 50,2% tinham entre 12 e 29 anos. Dos 1.437 feminic\u00eddios, 61,1% foram cometidos contra mulheres negras e 71,9% contra mulheres entre 18 e 44 anos.<\/p>\n<p>\u201cEsses n\u00fameros s\u00e3o absurdos, pois mostram uma sociedade muito violenta e perigosa para todas as pessoas, mas principalmente para a juventude e a popula\u00e7\u00e3o negra\u201d, avalia Almir. \u201cSeja nas ruas, em casa ou no trabalho, temos que quebrar essa rotina de discrimina\u00e7\u00e3o, para termos uma sociedade mais justa e humana\u201d, completa o secret\u00e1rio.<\/p>\n<h3><strong>#JurosBaixosJ\u00e1<\/strong><\/h3>\n<p><a href=\"https:\/\/madeusp.com.br\/publicacoes\/artigos\/wp-13-politica-monetaria-e-a-dinamica-de-emprego-por-genero-e-raca-no-brasil\/\" target=\"_blank\" rel=\"noopener noreferrer\">Estudo<\/a>\u00a0recente de economistas da Universidade de S\u00e3o Paulo (USP) verificou que, quando sobe a Selic, a taxa de juros de refer\u00eancia do pa\u00eds, o desemprego cresce mais entre os homens negros do que para os demais. No entanto, as mulheres, negras ou brancas, s\u00e3o menos afetadas pela varia\u00e7\u00e3o dos juros.<\/p>\n<p>O motivo prov\u00e1vel para isso \u00e9 o n\u00famero muito maior de homens em setores como constru\u00e7\u00e3o e ind\u00fastria, bastante dependentes do cr\u00e9dito. J\u00e1 entre as mulheres, educa\u00e7\u00e3o e sa\u00fade e, no caso das negras, o trabalho dom\u00e9stico, s\u00e3o as \u00e1reas que mais empregam, que, em geral, n\u00e3o s\u00e3o diretamente afetadas pelas taxas de juros.<\/p>\n<h3><strong>Hist\u00f3rico<\/strong><\/h3>\n<p>O F\u00f3rum Nacional pela Visibilidade Negra no Sistema Financeiro come\u00e7ou em 2011, em Salvador (BA). A segunda edi\u00e7\u00e3o ocorreu em 2013, no Rio de Janeiro (RJ). Tr\u00eas anos depois, o evento foi para a regi\u00e3o Sul, em Curitiba (PR). O encontro seguinte ocorreu em Recife (PE), em 2017. O quinto F\u00f3rum teve como sede a cidade de Belo Horizonte (MG), em 2019. Em 2021, o sexto evento foi realizado na modalidade online, em virtude da pandemia de coronav\u00edrus.<\/p>\n<p><strong>Fonte: Contraf-CUT<\/strong><\/p>\n","protected":false},"excerpt":{"rendered":"<p>A Confedera\u00e7\u00e3o Nacional dos Trabalhadores do Ramo Financeiro (Contraf-CUT) realizar\u00e1, nos dias 10 e 11 de novembro, o VII F\u00f3rum Nacional pela Visibilidade Negra no Sistema Financeiro. O evento ser\u00e1 em Porto Alegre, capital do Rio Grande do Sul. O encontro, voltado a dirigentes sindicais e assessorias respons\u00e1veis pelas secretarias de pol\u00edticas sociais dos sindicatos [&hellip;]<\/p>\n","protected":false},"author":2,"featured_media":14504,"comment_status":"","ping_status":"","sticky":false,"template":"","format":"standard","meta":{"footnotes":""},"categories":[3],"tags":[],"class_list":["post-14505","post","type-post","status-publish","format-standard","has-post-thumbnail","hentry","category-noticias"],"_links":{"self":[{"href":"https:\/\/hostnetart.com.br\/baixada\/wp-json\/wp\/v2\/posts\/14505","targetHints":{"allow":["GET"]}}],"collection":[{"href":"https:\/\/hostnetart.com.br\/baixada\/wp-json\/wp\/v2\/posts"}],"about":[{"href":"https:\/\/hostnetart.com.br\/baixada\/wp-json\/wp\/v2\/types\/post"}],"author":[{"embeddable":true,"href":"https:\/\/hostnetart.com.br\/baixada\/wp-json\/wp\/v2\/users\/2"}],"replies":[{"embeddable":true,"href":"https:\/\/hostnetart.com.br\/baixada\/wp-json\/wp\/v2\/comments?post=14505"}],"version-history":[{"count":0,"href":"https:\/\/hostnetart.com.br\/baixada\/wp-json\/wp\/v2\/posts\/14505\/revisions"}],"wp:featuredmedia":[{"embeddable":true,"href":"https:\/\/hostnetart.com.br\/baixada\/wp-json\/wp\/v2\/media\/14504"}],"wp:attachment":[{"href":"https:\/\/hostnetart.com.br\/baixada\/wp-json\/wp\/v2\/media?parent=14505"}],"wp:term":[{"taxonomy":"category","embeddable":true,"href":"https:\/\/hostnetart.com.br\/baixada\/wp-json\/wp\/v2\/categories?post=14505"},{"taxonomy":"post_tag","embeddable":true,"href":"https:\/\/hostnetart.com.br\/baixada\/wp-json\/wp\/v2\/tags?post=14505"}],"curies":[{"name":"wp","href":"https:\/\/api.w.org\/{rel}","templated":true}]}}