{"id":14497,"date":"2023-09-01T16:32:45","date_gmt":"2023-09-01T19:32:45","guid":{"rendered":"https:\/\/hostnetart.com.br\/baixada\/bancarios-terao-aumento-real-a-partir-desta-sexta-feira\/"},"modified":"2023-09-01T16:32:45","modified_gmt":"2023-09-01T19:32:45","slug":"bancarios-terao-aumento-real-a-partir-desta-sexta-feira","status":"publish","type":"post","link":"https:\/\/hostnetart.com.br\/baixada\/bancarios-terao-aumento-real-a-partir-desta-sexta-feira\/","title":{"rendered":"Banc\u00e1rios ter\u00e3o aumento real a partir desta sexta-feira"},"content":{"rendered":"<p>A Conven\u00e7\u00e3o Coletiva de Trabalho (CCT) da categoria banc\u00e1ria, firmada em 2022, ap\u00f3s dois meses e meio de negocia\u00e7\u00f5es entre o Comando Nacional dos Banc\u00e1rios e a Federa\u00e7\u00e3o Nacional dos Bancos (Fenaban), garante \u00e0s banc\u00e1rias e banc\u00e1rios a manuten\u00e7\u00e3o de todos os direitos previstos na CCT at\u00e9 31 de agosto de 2024 e aumento real de 0,5% (INPC + 0,5%) para sal\u00e1rios, PLR, VA\/VR e demais cl\u00e1usulas econ\u00f4micas.<\/p>\n<p>\u201cAinda est\u00e1vamos sob um governo conservador de extrema direita, que respaldava todas as tentativas de retirada de direitos dos trabalhadores e enfraquecimento de suas representa\u00e7\u00f5es sindicais\u201d, lembrou o vice-presidente da Confedera\u00e7\u00e3o Nacional dos Trabalhadores do Ramo Financeiro (Contraf-CUT), Vin\u00edcius de Assump\u00e7\u00e3o, ao acrescentar que a campanha foi muito dura, com os bancos se negando a dar aumento real e insistindo na retirada de direitos. \u201cTivemos que convenc\u00ea-los a mudar de opini\u00e3o, nos mantendo firmes em nossa posi\u00e7\u00e3o e paralisando as negocia\u00e7\u00f5es quando n\u00e3o havia melhorias para os trabalhadores. Mas, ao final, gra\u00e7as \u00e0 for\u00e7a de nossa organiza\u00e7\u00e3o e \u00e0 unidade nacional, conseguimos chegar a uma proposta de acordo de dois anos que <a href=\"https:\/\/contrafcut.com.br\/noticias\/bancarios-arrancam-proposta-com-conquistas\" target=\"_blank\" rel=\"noopener noreferrer\">garantiu conquistas \u00e0 categoria<\/a>\u201d, completou. Nas assembleias, 78,37% das banc\u00e1rias e banc\u00e1rios <a href=\"https:\/\/contrafcut.com.br\/noticias\/bancarios-aprovam-nova-convencao-de-trabalho\" target=\"_blank\" rel=\"noopener noreferrer\">aprovaram a proposta<\/a> na vota\u00e7\u00e3o realizada pela plataforma eletr\u00f4nica disponibilizada pela Contraf-CUT.<\/p>\n<p>Mas a insist\u00eancia dos bancos na retirada de direitos dos trabalhadores era t\u00e3o grande que houve negocia\u00e7\u00f5es espec\u00edficas que se prolongaram mesmo ap\u00f3s a apresenta\u00e7\u00e3o da proposta final na mesa \u00fanica da Fenaban, como <a href=\"https:\/\/contrafcut.com.br\/noticias\/negociacoes-continuam-com-o-santander\" target=\"_blank\" rel=\"noopener noreferrer\">por exemplo com o Santander<\/a>, que impunha entraves para a continuidade do compromisso de manuten\u00e7\u00e3o do Banesprev e da Cabesp.<\/p>\n<div class=\"wp-block-image\">\n<figure class=\"alignright size-large\"><img fetchpriority=\"high\" decoding=\"async\" class=\"wp-image-300214\" src=\"https:\/\/contrafcut.com.br\/wp-content\/uploads\/2022\/08\/tabela-proposta2.jpeg\" sizes=\"(max-width: 1168px) 100vw, 1168px\" srcset=\"https:\/\/contrafcut.com.br\/wp-content\/uploads\/2022\/08\/tabela-proposta2.jpeg 1168w, https:\/\/contrafcut.com.br\/wp-content\/uploads\/2022\/08\/tabela-proposta2-210x230.jpeg 210w, https:\/\/contrafcut.com.br\/wp-content\/uploads\/2022\/08\/tabela-proposta2-768x842.jpeg 768w\" alt=\"\" width=\"1168\" height=\"1280\" data-cfsrc=\"https:\/\/contrafcut.com.br\/wp-content\/uploads\/2022\/08\/tabela-proposta2.jpeg\" \/><\/figure>\n<\/div>\n<h3><strong>Conquistas<\/strong><\/h3>\n<p>Al\u00e9m da manuten\u00e7\u00e3o de todos os direitos, as negocia\u00e7\u00f5es realizadas pelo Comando Nacional dos Banc\u00e1rios levaram ao reajuste, para 2022, de 8% nos sal\u00e1rios, <a href=\"https:\/\/contrafcut.com.br\/noticias\/aumento-diferenciado-em-va-e-vr-foi-conquista-importante\" target=\"_blank\" rel=\"noopener noreferrer\">aumento de 10% nos vales<\/a>alimenta\u00e7\u00e3o (VA) e refei\u00e7\u00e3o (VR), al\u00e9m de um adicional de R$ 1.000,00 em VA para compensar a alta infla\u00e7\u00e3o dos alimentos constada no per\u00edodo. Tamb\u00e9m foi conquistado reajuste de 13% para o teto da parcela adicional da Participa\u00e7\u00e3o nos Lucros e Resultados (PLR) do ano passado.<\/p>\n<p><strong>&gt;&gt;&gt;&gt;&gt; Leia tamb\u00e9m:<\/strong> <a href=\"https:\/\/contrafcut.com.br\/noticias\/aumento-diferenciado-em-va-e-vr-foi-conquista-importante\" target=\"_blank\" rel=\"noopener noreferrer\">Aumento diferenciado em VA e VR foi conquista importante<\/a><\/p>\n<h3><strong>Teletrabalho<\/strong><\/h3>\n<p>Al\u00e9m da ajuda de custo, os bancos concordaram com a reivindica\u00e7\u00e3o de controle de jornada para todos os trabalhadores; o fornecimento e manuten\u00e7\u00e3o de equipamentos; o direito \u00e0 desconex\u00e3o para que gestores n\u00e3o demandassem os trabalhadores fora do hor\u00e1rio de expediente; a manuten\u00e7\u00e3o dos direitos da CCT aos trabalhadores que realizem suas fun\u00e7\u00f5es fora das depend\u00eancias do banco; a preven\u00e7\u00e3o e precau\u00e7\u00f5es com a sa\u00fade dos trabalhadores; e a cria\u00e7\u00e3o de canal espec\u00edfico para que os trabalhadores em teletrabalho tirem suas d\u00favidas.<\/p>\n<p>Os trabalhadores com filhos de at\u00e9 quatro anos ou com defici\u00eancia ter\u00e3o prioridade para o teletrabalho, e as banc\u00e1rias v\u00edtimas de viol\u00eancia dom\u00e9stica poder\u00e3o escolher se preferem trabalhar em domic\u00edlio, ou nas depend\u00eancias do banco.<\/p>\n<p>Os bancos facilitar\u00e3o a realiza\u00e7\u00e3o de campanhas de sindicaliza\u00e7\u00e3o e o contato com os trabalhadores em teletrabalho.<\/p>\n<p>Ser\u00e1 criado um grupo de trabalho (GT) bipartite para acompanhar o cumprimento da cl\u00e1usula.<\/p>\n<h3><strong>Ass\u00e9dio sexual<\/strong><\/h3>\n<p>A nova cl\u00e1usula sobre ass\u00e9dio sexual far\u00e1 rep\u00fadio \u00e0 esta pr\u00e1tica nos bancos, e os gestores e empregados passar\u00e3o por treinamento para preven\u00e7\u00e3o e esclarecimento sobre medidas cab\u00edveis pelos bancos. Tamb\u00e9m est\u00e1 em debate a participa\u00e7\u00e3o das entidades sindicais no canal de den\u00fancias a ser criado, assim como o acompanhamento dos casos pela comiss\u00e3o bipartite de diversidade que j\u00e1 existe.<\/p>\n<h3><strong>Ass\u00e9dio moral e cobran\u00e7a de metas<\/strong><\/h3>\n<p>O tema ser\u00e1 pautado na primeira reuni\u00e3o de negocia\u00e7\u00e3o de 2023 dos bancos que t\u00eam comiss\u00f5es de empresa. Os bancos que n\u00e3o t\u00eam comiss\u00e3o de empresa devem realizar reuni\u00e3o espec\u00edfica com a representa\u00e7\u00e3o dos trabalhadores para tratar do tema, a pedido do sindicato.<\/p>\n<h3><strong>Complementa\u00e7\u00e3o do aux\u00edlio-doen\u00e7a<\/strong><\/h3>\n<p>Com rela\u00e7\u00e3o ao aux\u00edlio-doen\u00e7a previsto na cl\u00e1usula 29 da CCT, os bancos queriam estabelecer que somente teria direito ao aux\u00edlio o empregado que tivesse retornado ao trabalho e trabalhado ininterruptamente pelo per\u00edodo m\u00ednimo de seis meses ap\u00f3s o recebimento da \u00faltima complementa\u00e7\u00e3o. Ap\u00f3s reivindica\u00e7\u00e3o do Comando, os bancos retiraram a proposta.<\/p>\n<h3><strong>Seguran\u00e7a banc\u00e1ria<\/strong><\/h3>\n<p>Foi acordada a cria\u00e7\u00e3o de um GT bipartite espec\u00edfico para avaliar os dados estat\u00edsticos relativos \u00e0 seguran\u00e7a banc\u00e1ria, bem como a possibilidade de acordo acerca da ado\u00e7\u00e3o de dispositivos de seguran\u00e7a, al\u00e9m dos obrigatoriamente previstos no artigo 20, da Lei 7.102\/1983. O GT tamb\u00e9m avaliar\u00e1 dados estat\u00edsticos relativos \u00e0 seguran\u00e7a banc\u00e1ria das unidades de neg\u00f3cios.<\/p>\n<p><strong>Fonte: Contraf-CUT<\/strong><\/p>\n","protected":false},"excerpt":{"rendered":"<p>A Conven\u00e7\u00e3o Coletiva de Trabalho (CCT) da categoria banc\u00e1ria, firmada em 2022, ap\u00f3s dois meses e meio de negocia\u00e7\u00f5es entre o Comando Nacional dos Banc\u00e1rios e a Federa\u00e7\u00e3o Nacional dos Bancos (Fenaban), garante \u00e0s banc\u00e1rias e banc\u00e1rios a manuten\u00e7\u00e3o de todos os direitos previstos na CCT at\u00e9 31 de agosto de 2024 e aumento real [&hellip;]<\/p>\n","protected":false},"author":2,"featured_media":14496,"comment_status":"","ping_status":"","sticky":false,"template":"","format":"standard","meta":{"footnotes":""},"categories":[3],"tags":[],"class_list":["post-14497","post","type-post","status-publish","format-standard","has-post-thumbnail","hentry","category-noticias"],"_links":{"self":[{"href":"https:\/\/hostnetart.com.br\/baixada\/wp-json\/wp\/v2\/posts\/14497","targetHints":{"allow":["GET"]}}],"collection":[{"href":"https:\/\/hostnetart.com.br\/baixada\/wp-json\/wp\/v2\/posts"}],"about":[{"href":"https:\/\/hostnetart.com.br\/baixada\/wp-json\/wp\/v2\/types\/post"}],"author":[{"embeddable":true,"href":"https:\/\/hostnetart.com.br\/baixada\/wp-json\/wp\/v2\/users\/2"}],"replies":[{"embeddable":true,"href":"https:\/\/hostnetart.com.br\/baixada\/wp-json\/wp\/v2\/comments?post=14497"}],"version-history":[{"count":0,"href":"https:\/\/hostnetart.com.br\/baixada\/wp-json\/wp\/v2\/posts\/14497\/revisions"}],"wp:featuredmedia":[{"embeddable":true,"href":"https:\/\/hostnetart.com.br\/baixada\/wp-json\/wp\/v2\/media\/14496"}],"wp:attachment":[{"href":"https:\/\/hostnetart.com.br\/baixada\/wp-json\/wp\/v2\/media?parent=14497"}],"wp:term":[{"taxonomy":"category","embeddable":true,"href":"https:\/\/hostnetart.com.br\/baixada\/wp-json\/wp\/v2\/categories?post=14497"},{"taxonomy":"post_tag","embeddable":true,"href":"https:\/\/hostnetart.com.br\/baixada\/wp-json\/wp\/v2\/tags?post=14497"}],"curies":[{"name":"wp","href":"https:\/\/api.w.org\/{rel}","templated":true}]}}