{"id":14495,"date":"2023-08-31T17:41:07","date_gmt":"2023-08-31T20:41:07","guid":{"rendered":"https:\/\/hostnetart.com.br\/baixada\/negociacao-sobre-o-saude-caixa-ocorre-nesta-quinta-31\/"},"modified":"2023-08-31T17:41:07","modified_gmt":"2023-08-31T20:41:07","slug":"negociacao-sobre-o-saude-caixa-ocorre-nesta-quinta-31","status":"publish","type":"post","link":"https:\/\/hostnetart.com.br\/baixada\/negociacao-sobre-o-saude-caixa-ocorre-nesta-quinta-31\/","title":{"rendered":"Negocia\u00e7\u00e3o sobre o Sa\u00fade Caixa ocorre nesta quinta (31)"},"content":{"rendered":"<p>A Comiss\u00e3o Executiva dos Empregados (CEE) da Caixa Econ\u00f4mica Federal se re\u00fane nesta quinta-feira (31) com o banco para dar continuidade \u00e0s negocia\u00e7\u00f5es para renova\u00e7\u00e3o do Acordo Coletivo de Trabalho (ACT) espec\u00edfico sobre o plano de sa\u00fade das empregadas e empregados, o Sa\u00fade Caixa.<\/p>\n<p>\u201cNosso acordo vence nesta quinta-feira, e para que possamos caminhar para um acordo \u00e9 necess\u00e1rio aprofundarmos o debate. Ainda temos v\u00e1rias pend\u00eancias de informa\u00e7\u00f5es e precisamos de tempo para concluir as negocia\u00e7\u00f5es\u201d, disse a coordenadora da CEE, Fabiana Uehara Proscholdt. \u201cE os debates n\u00e3o podem ser realizadas sob press\u00e3o. Por isso, j\u00e1 solicitamos ao banco que a vig\u00eancia do acordo seja prorrogada at\u00e9 o encerramento das negocia\u00e7\u00f5es\u201d, completou.<\/p>\n<h3><strong>Pend\u00eancias<\/strong><\/h3>\n<p>Desde o in\u00edcio das negocia\u00e7\u00f5es, a representa\u00e7\u00e3o dos empregados apresentou uma s\u00e9rie de reinvindica\u00e7\u00f5es que ainda n\u00e3o foram atendidas pelo banco, entre elas a altera\u00e7\u00e3o do estatuto do banco para remo\u00e7\u00e3o do limite de 6,5% da folha de pagamentos para gastos do banco com a sa\u00fade dos empregados.<\/p>\n<p><strong>Fonte: Contraf-CUT<\/strong><\/p>\n","protected":false},"excerpt":{"rendered":"<p>A Comiss\u00e3o Executiva dos Empregados (CEE) da Caixa Econ\u00f4mica Federal se re\u00fane nesta quinta-feira (31) com o banco para dar continuidade \u00e0s negocia\u00e7\u00f5es para renova\u00e7\u00e3o do Acordo Coletivo de Trabalho (ACT) espec\u00edfico sobre o plano de sa\u00fade das empregadas e empregados, o Sa\u00fade Caixa. \u201cNosso acordo vence nesta quinta-feira, e para que possamos caminhar para [&hellip;]<\/p>\n","protected":false},"author":2,"featured_media":14494,"comment_status":"","ping_status":"","sticky":false,"template":"","format":"standard","meta":{"footnotes":""},"categories":[3],"tags":[],"class_list":["post-14495","post","type-post","status-publish","format-standard","has-post-thumbnail","hentry","category-noticias"],"_links":{"self":[{"href":"https:\/\/hostnetart.com.br\/baixada\/wp-json\/wp\/v2\/posts\/14495","targetHints":{"allow":["GET"]}}],"collection":[{"href":"https:\/\/hostnetart.com.br\/baixada\/wp-json\/wp\/v2\/posts"}],"about":[{"href":"https:\/\/hostnetart.com.br\/baixada\/wp-json\/wp\/v2\/types\/post"}],"author":[{"embeddable":true,"href":"https:\/\/hostnetart.com.br\/baixada\/wp-json\/wp\/v2\/users\/2"}],"replies":[{"embeddable":true,"href":"https:\/\/hostnetart.com.br\/baixada\/wp-json\/wp\/v2\/comments?post=14495"}],"version-history":[{"count":0,"href":"https:\/\/hostnetart.com.br\/baixada\/wp-json\/wp\/v2\/posts\/14495\/revisions"}],"wp:featuredmedia":[{"embeddable":true,"href":"https:\/\/hostnetart.com.br\/baixada\/wp-json\/wp\/v2\/media\/14494"}],"wp:attachment":[{"href":"https:\/\/hostnetart.com.br\/baixada\/wp-json\/wp\/v2\/media?parent=14495"}],"wp:term":[{"taxonomy":"category","embeddable":true,"href":"https:\/\/hostnetart.com.br\/baixada\/wp-json\/wp\/v2\/categories?post=14495"},{"taxonomy":"post_tag","embeddable":true,"href":"https:\/\/hostnetart.com.br\/baixada\/wp-json\/wp\/v2\/tags?post=14495"}],"curies":[{"name":"wp","href":"https:\/\/api.w.org\/{rel}","templated":true}]}}