{"id":14493,"date":"2023-08-31T17:40:15","date_gmt":"2023-08-31T20:40:15","guid":{"rendered":"https:\/\/hostnetart.com.br\/baixada\/santander-prorroga-acordo-de-compensacao-de-horas-negativas\/"},"modified":"2023-08-31T17:40:15","modified_gmt":"2023-08-31T20:40:15","slug":"santander-prorroga-acordo-de-compensacao-de-horas-negativas","status":"publish","type":"post","link":"https:\/\/hostnetart.com.br\/baixada\/santander-prorroga-acordo-de-compensacao-de-horas-negativas\/","title":{"rendered":"Santander prorroga acordo de compensa\u00e7\u00e3o de horas negativas"},"content":{"rendered":"<p>O Santander anunciou a prorroga\u00e7\u00e3o, at\u00e9 31 de mar\u00e7o de 2024, do acordo de compensa\u00e7\u00e3o de horas negativas n\u00e3o trabalhadas durante a pandemia, com o aumento de 10% de abatimento, considerando as faixas de horas realizadas pelos funcion\u00e1rios no semestre. O acordo atual perderia a validade nesta quinta-feira (31).<\/p>\n<p>Wanessa de Queiroz, coordenadora da Comiss\u00e3o de Organiza\u00e7\u00e3o dos Empregados (COE) do Santander, lamenta que o Santander n\u00e3o tenha concedido anistia total, reivindica\u00e7\u00e3o defendida pelo movimento sindical em in\u00fameras mesas de negocia\u00e7\u00f5es, pois valorizaria o esfor\u00e7o de grande parte dos trabalhadores para o pagamento dessas horas geradas no per\u00edodo da pandemia. \u201cMuitos desses banc\u00e1rios ficaram impossibilitados de trabalhar presencialmente, ou mesmo em home office, porque n\u00e3o foram dadas condi\u00e7\u00f5es para o trabalho remoto. Muitos desses trabalhadores eram do grupo de risco para a covid-19, como gestantes, idosos, pessoas com comorbidades e pessoas com defici\u00eancia. Mais uma vez o Santander demonstra sua falta de sensibilidade para com as pessoas que constroem o lucro bilion\u00e1rio do banco.\u201d<\/p>\n<p>Com a prorroga\u00e7\u00e3o, haver\u00e1 um percentual de desconto no saldo, a depender de horas compensadas limitada a 2 horas por dia e realizadas no per\u00edodo de 1\u00ba de setembro a 29 de fevereiro de 2024, nos seguintes termos:<\/p>\n<ul>\n<li>20% para empregados que compensar de 30 a 59 horas;<\/li>\n<li>30% para empregado que compensar de 60 a 100 horas;<\/li>\n<li>40% para empregado que compensar de 101 a 150 horas;<\/li>\n<li>50% para empregado que compensar de 151 a 180 horas.<\/li>\n<\/ul>\n<p><strong>Fonte: Contraf-CUT<\/strong><\/p>\n","protected":false},"excerpt":{"rendered":"<p>O Santander anunciou a prorroga\u00e7\u00e3o, at\u00e9 31 de mar\u00e7o de 2024, do acordo de compensa\u00e7\u00e3o de horas negativas n\u00e3o trabalhadas durante a pandemia, com o aumento de 10% de abatimento, considerando as faixas de horas realizadas pelos funcion\u00e1rios no semestre. O acordo atual perderia a validade nesta quinta-feira (31). Wanessa de Queiroz, coordenadora da Comiss\u00e3o [&hellip;]<\/p>\n","protected":false},"author":2,"featured_media":14492,"comment_status":"","ping_status":"","sticky":false,"template":"","format":"standard","meta":{"footnotes":""},"categories":[3],"tags":[],"class_list":["post-14493","post","type-post","status-publish","format-standard","has-post-thumbnail","hentry","category-noticias"],"_links":{"self":[{"href":"https:\/\/hostnetart.com.br\/baixada\/wp-json\/wp\/v2\/posts\/14493","targetHints":{"allow":["GET"]}}],"collection":[{"href":"https:\/\/hostnetart.com.br\/baixada\/wp-json\/wp\/v2\/posts"}],"about":[{"href":"https:\/\/hostnetart.com.br\/baixada\/wp-json\/wp\/v2\/types\/post"}],"author":[{"embeddable":true,"href":"https:\/\/hostnetart.com.br\/baixada\/wp-json\/wp\/v2\/users\/2"}],"replies":[{"embeddable":true,"href":"https:\/\/hostnetart.com.br\/baixada\/wp-json\/wp\/v2\/comments?post=14493"}],"version-history":[{"count":0,"href":"https:\/\/hostnetart.com.br\/baixada\/wp-json\/wp\/v2\/posts\/14493\/revisions"}],"wp:featuredmedia":[{"embeddable":true,"href":"https:\/\/hostnetart.com.br\/baixada\/wp-json\/wp\/v2\/media\/14492"}],"wp:attachment":[{"href":"https:\/\/hostnetart.com.br\/baixada\/wp-json\/wp\/v2\/media?parent=14493"}],"wp:term":[{"taxonomy":"category","embeddable":true,"href":"https:\/\/hostnetart.com.br\/baixada\/wp-json\/wp\/v2\/categories?post=14493"},{"taxonomy":"post_tag","embeddable":true,"href":"https:\/\/hostnetart.com.br\/baixada\/wp-json\/wp\/v2\/tags?post=14493"}],"curies":[{"name":"wp","href":"https:\/\/api.w.org\/{rel}","templated":true}]}}