{"id":14487,"date":"2023-08-30T14:16:29","date_gmt":"2023-08-30T17:16:29","guid":{"rendered":"https:\/\/hostnetart.com.br\/baixada\/dirigentes-do-sindicato-dos-bancarios-da-baixada-fluminense-percorrem-agencias-de-gramacho\/"},"modified":"2023-08-30T14:16:29","modified_gmt":"2023-08-30T17:16:29","slug":"dirigentes-do-sindicato-dos-bancarios-da-baixada-fluminense-percorrem-agencias-de-gramacho","status":"publish","type":"post","link":"https:\/\/hostnetart.com.br\/baixada\/dirigentes-do-sindicato-dos-bancarios-da-baixada-fluminense-percorrem-agencias-de-gramacho\/","title":{"rendered":"Dirigentes do Sindicato dos Banc\u00e1rios da Baixada Fluminense percorrem ag\u00eancias de Gramacho"},"content":{"rendered":"<div>Em mais uma a\u00e7\u00e3o pela Campanha &#8220;Menos Metas, Mais Sa\u00fade&#8221;, o Sindicato dos Banc\u00e1rios da Baixada Fluminense esteve nesta quarta-feira, 30 de agosto, em diversas ag\u00eancias banc\u00e1rias de Gramacho, <span dir=\"ltr\">bairro do munic\u00edpio de Duque de Caxias, para<\/span> falar com a categoria sobre este cen\u00e1rio que evidencia o adoecimento f\u00edsico e mental dos trabalhadores do ramo financeiro.<\/div>\n<div>\u00a0<\/div>\n<div>As diretoras e diretores do Sindicato percorreram ag\u00eancias dos bancos Bradesco, Ita\u00fa e Santander, exibindo uma faixa da campanha, distribuindo panfletos informativos e conversando com banc\u00e1rias, banc\u00e1rios, clientes e usu\u00e1rios destes bancos.<\/div>\n<div>\u00a0<\/div>\n<div>O ato foi muito bem recebido por todos.<\/div>\n<div>\u00a0<\/div>\n<div>Al\u00e9m disso, os dirigentes deixaram claro que a responsabilidade por essa situa\u00e7\u00e3o \u00e9 inteiramente da gest\u00e3o dos bancos e que a campanha foi criada para fortalecer o necess\u00e1rio enfrentamento \u00e0s pol\u00edticas praticadas pelos bancos, que tem levado a categoria ao adoecimento, tanto pelas metas abusivas, quanto pela press\u00e3o por resultados, pelo ass\u00e9dio moral, e a necessidade de erradicar essas pr\u00e1ticas.<\/div>\n<div>\u00a0<\/div>\n<div>Os transtornos psicol\u00f3gicos e as LER\/Dort s\u00e3o alguns dos problemas conhecidos pela categoria, h\u00e1 anos submetida a cobran\u00e7as e metas excessivas.<\/div>\n<div>\u00a0<\/div>\n<div><b>DENUNCIE<\/b><\/div>\n<div>\u00a0<\/div>\n<div>Se voc\u00ea j\u00e1 vivenciou situa\u00e7\u00f5es de ass\u00e9dio moral, ass\u00e9dio sexual ou cobran\u00e7a excessiva de metas no ambiente de trabalho, \u00e9 hora de compartilhar sua dor e promover mudan\u00e7as significativas!<\/div>\n<div>\u00a0<\/div>\n<div>Sabemos que a press\u00e3o por metas abusivas afeta diretamente a sa\u00fade e o bem-estar dos trabalhadores. \u00c9 um problema que n\u00e3o pode mais ser ignorado. Precisamos trazer \u00e0 tona essa quest\u00e3o, conscientizando a sociedade, as empresas e os \u00f3rg\u00e3os reguladores sobre a necessidade de estabelecer pr\u00e1ticas mais saud\u00e1veis e equilibradas nos locais de trabalho.<\/div>\n<div>\u00a0<\/div>\n<div>O sil\u00eancio apenas perpetua essas situa\u00e7\u00f5es adversas. Portanto, convidamos voc\u00ea a compartilhar suas hist\u00f3rias, sejam elas de ass\u00e9dio moral, ass\u00e9dio sexual ou cobran\u00e7a exacerbada de metas. Sua voz \u00e9 importante e pode fazer a diferen\u00e7a na luta por um ambiente laboral mais humano e justo.<\/div>\n<div>\u00a0<\/div>\n<div>Compartilhe sua hist\u00f3ria, inspire outras pessoas a falar e se unir nessa jornada pela transforma\u00e7\u00e3o. Utilize as redes sociais, converse com colegas de trabalho, participe de grupos de apoio ou relate suas experi\u00eancias para as entidades competentes. A mudan\u00e7a come\u00e7a com a nossa voz!<\/div>\n<div>\u00a0<\/div>\n<div>A Campanha \u201cMenos metas, mais sa\u00fade\u201d, idealizada pelo Coletivo Nacional de Sa\u00fade da Confedera\u00e7\u00e3o Nacional dos Trabalhadores do Ramo Financeiro (Contraf-CUT), busca negociar melhores condi\u00e7\u00f5es de trabalho para os banc\u00e1rios, junto \u00e0 Fenaban. Para isso, \u00e9 fundamental a coleta de informa\u00e7\u00f5es junto a base, para fortalecer os argumentos.<\/div>\n<div>\u00a0<\/div>\n<div>Por isso precisamos de seu relato de como as metas afetam sua vida e sua sa\u00fade.<\/div>\n<div>\u00a0<\/div>\n<div><b>Clique aqui e fa\u00e7a seu relato:\u00a0<\/b><a href=\"https:\/\/docs.google.com\/forms\/d\/e\/1FAIpQLSfK0SEXOlJDE1X7r-N7da72yucqWj9G2tb6rYramkFA09V1og\/viewform\">https:\/\/docs.google.com\/forms\/d\/e\/1FAIpQLSfK0SEXOlJDE1X7r-N7da72yucqWj9G2tb6rYramkFA09V1og\/viewform<\/a><br \/>\u00a0<\/div>\n<div>\u00a0<\/div>\n<div><i>*confira mais fotos em nossas redes sociais<\/i><\/div>\n","protected":false},"excerpt":{"rendered":"<p>Em mais uma a\u00e7\u00e3o pela Campanha &#8220;Menos Metas, Mais Sa\u00fade&#8221;, o Sindicato dos Banc\u00e1rios da Baixada Fluminense esteve nesta quarta-feira, 30 de agosto, em diversas ag\u00eancias banc\u00e1rias de Gramacho, bairro do munic\u00edpio de Duque de Caxias, para falar com a categoria sobre este cen\u00e1rio que evidencia o adoecimento f\u00edsico e mental dos trabalhadores do ramo [&hellip;]<\/p>\n","protected":false},"author":2,"featured_media":14486,"comment_status":"","ping_status":"","sticky":false,"template":"","format":"standard","meta":{"footnotes":""},"categories":[3],"tags":[],"class_list":["post-14487","post","type-post","status-publish","format-standard","has-post-thumbnail","hentry","category-noticias"],"_links":{"self":[{"href":"https:\/\/hostnetart.com.br\/baixada\/wp-json\/wp\/v2\/posts\/14487","targetHints":{"allow":["GET"]}}],"collection":[{"href":"https:\/\/hostnetart.com.br\/baixada\/wp-json\/wp\/v2\/posts"}],"about":[{"href":"https:\/\/hostnetart.com.br\/baixada\/wp-json\/wp\/v2\/types\/post"}],"author":[{"embeddable":true,"href":"https:\/\/hostnetart.com.br\/baixada\/wp-json\/wp\/v2\/users\/2"}],"replies":[{"embeddable":true,"href":"https:\/\/hostnetart.com.br\/baixada\/wp-json\/wp\/v2\/comments?post=14487"}],"version-history":[{"count":0,"href":"https:\/\/hostnetart.com.br\/baixada\/wp-json\/wp\/v2\/posts\/14487\/revisions"}],"wp:featuredmedia":[{"embeddable":true,"href":"https:\/\/hostnetart.com.br\/baixada\/wp-json\/wp\/v2\/media\/14486"}],"wp:attachment":[{"href":"https:\/\/hostnetart.com.br\/baixada\/wp-json\/wp\/v2\/media?parent=14487"}],"wp:term":[{"taxonomy":"category","embeddable":true,"href":"https:\/\/hostnetart.com.br\/baixada\/wp-json\/wp\/v2\/categories?post=14487"},{"taxonomy":"post_tag","embeddable":true,"href":"https:\/\/hostnetart.com.br\/baixada\/wp-json\/wp\/v2\/tags?post=14487"}],"curies":[{"name":"wp","href":"https:\/\/api.w.org\/{rel}","templated":true}]}}