{"id":14485,"date":"2023-08-29T19:58:58","date_gmt":"2023-08-29T22:58:58","guid":{"rendered":"https:\/\/hostnetart.com.br\/baixada\/funcionario-do-santander-e-reintegrado-pelo-sindicato-dos-bancarios-da-baixada-fluminense\/"},"modified":"2023-08-29T19:58:58","modified_gmt":"2023-08-29T22:58:58","slug":"funcionario-do-santander-e-reintegrado-pelo-sindicato-dos-bancarios-da-baixada-fluminense","status":"publish","type":"post","link":"https:\/\/hostnetart.com.br\/baixada\/funcionario-do-santander-e-reintegrado-pelo-sindicato-dos-bancarios-da-baixada-fluminense\/","title":{"rendered":"Funcion\u00e1rio do Santander \u00e9 reintegrado pelo Sindicato dos Banc\u00e1rios da Baixada Fluminense"},"content":{"rendered":"<p>Nesta ter\u00e7a-feira, 29 de agosto, Fernando dos Santos de Oliveira, funcion\u00e1rio do Banco Santander, foi reintegrado pelo Sindicato dos Banc\u00e1rios da Baixada Fluminense.<\/p>\n<p>A reintegra\u00e7\u00e3o ocorreu em Miguel Couto, no munic\u00edpio de Nova Igua\u00e7u, e foi acompanhada pelo diretor Marcio Sarmento.<\/p>\n<p>O banc\u00e1rio, quando foi demitido, estava acometido com doen\u00e7a ocupacional, sendo a sua dispensa, considerada pelo juiz, nula.<\/p>\n<p>O Santander obteve Lucro L\u00edquido Gerencial de R$ 2,14 bilh\u00f5es, somente no primeiro trimestre de 2023.<\/p>\n<p><strong>IMPORTANTE<\/strong><\/p>\n<p>O trabalhador banc\u00e1rio \u00e9 sindicalizado e, logo ap\u00f3s seu desligamento, procurou atendimento no Sindicato dos Banc\u00e1rios da Baixada Fluminense, onde foi prontamente atendido pelo Departamento Jur\u00eddico, atrav\u00e9s do advogado Luiz Paulo do Escrit\u00f3rio Baptista &amp; Reis Advogados Associados, e pelo Departamento de Sa\u00fade.<\/p>\n<p>\u00c9 fundamental que banc\u00e1rias e banc\u00e1rios, logo que sejam informados de suas demiss\u00f5es, procurem imediatamente atendimento no Sindicato.<\/p>\n<p><b>ATENDIMENTO JUR\u00cdDICO PRESENCIAL<\/b><\/p>\n<p>Nova Igua\u00e7u &#8211; \u00e0s ter\u00e7as-feiras, das 11 horas \u00e0 13 horas e das 14 horas \u00e0s 17 horas (telefone: 21 &#8211; 2658-8041)<\/p>\n<p>Duque de Caxias &#8211; \u00e0s quintas-feiras, das 10 horas \u00e0s 13 horas (telefone: 21 \/ 26710-110)<\/p>\n<p><u>SINDICALIZE-SE<\/u><\/p>\n","protected":false},"excerpt":{"rendered":"<p>Nesta ter\u00e7a-feira, 29 de agosto, Fernando dos Santos de Oliveira, funcion\u00e1rio do Banco Santander, foi reintegrado pelo Sindicato dos Banc\u00e1rios da Baixada Fluminense. A reintegra\u00e7\u00e3o ocorreu em Miguel Couto, no munic\u00edpio de Nova Igua\u00e7u, e foi acompanhada pelo diretor Marcio Sarmento. O banc\u00e1rio, quando foi demitido, estava acometido com doen\u00e7a ocupacional, sendo a sua dispensa, [&hellip;]<\/p>\n","protected":false},"author":2,"featured_media":14484,"comment_status":"","ping_status":"","sticky":false,"template":"","format":"standard","meta":{"footnotes":""},"categories":[3],"tags":[],"class_list":["post-14485","post","type-post","status-publish","format-standard","has-post-thumbnail","hentry","category-noticias"],"_links":{"self":[{"href":"https:\/\/hostnetart.com.br\/baixada\/wp-json\/wp\/v2\/posts\/14485","targetHints":{"allow":["GET"]}}],"collection":[{"href":"https:\/\/hostnetart.com.br\/baixada\/wp-json\/wp\/v2\/posts"}],"about":[{"href":"https:\/\/hostnetart.com.br\/baixada\/wp-json\/wp\/v2\/types\/post"}],"author":[{"embeddable":true,"href":"https:\/\/hostnetart.com.br\/baixada\/wp-json\/wp\/v2\/users\/2"}],"replies":[{"embeddable":true,"href":"https:\/\/hostnetart.com.br\/baixada\/wp-json\/wp\/v2\/comments?post=14485"}],"version-history":[{"count":0,"href":"https:\/\/hostnetart.com.br\/baixada\/wp-json\/wp\/v2\/posts\/14485\/revisions"}],"wp:featuredmedia":[{"embeddable":true,"href":"https:\/\/hostnetart.com.br\/baixada\/wp-json\/wp\/v2\/media\/14484"}],"wp:attachment":[{"href":"https:\/\/hostnetart.com.br\/baixada\/wp-json\/wp\/v2\/media?parent=14485"}],"wp:term":[{"taxonomy":"category","embeddable":true,"href":"https:\/\/hostnetart.com.br\/baixada\/wp-json\/wp\/v2\/categories?post=14485"},{"taxonomy":"post_tag","embeddable":true,"href":"https:\/\/hostnetart.com.br\/baixada\/wp-json\/wp\/v2\/tags?post=14485"}],"curies":[{"name":"wp","href":"https:\/\/api.w.org\/{rel}","templated":true}]}}