{"id":14483,"date":"2023-08-29T14:31:14","date_gmt":"2023-08-29T17:31:14","guid":{"rendered":"https:\/\/hostnetart.com.br\/baixada\/visibilidade-lesbica-e-vital-para-o-fim-do-preconceito\/"},"modified":"2023-08-29T14:31:14","modified_gmt":"2023-08-29T17:31:14","slug":"visibilidade-lesbica-e-vital-para-o-fim-do-preconceito","status":"publish","type":"post","link":"https:\/\/hostnetart.com.br\/baixada\/visibilidade-lesbica-e-vital-para-o-fim-do-preconceito\/","title":{"rendered":"Visibilidade L\u00e9sbica \u00e9 vital para o fim do preconceito"},"content":{"rendered":"<p>Nesta ter\u00e7a-feira (29) \u00e9 celebrado o dia da Visibilidade L\u00e9sbica, data em que ocorreu a primeira grande manifesta\u00e7\u00e3o dessa comunidade no Brasil, em 1996. O movimento ficou conhecido com o \u201cStonewall Brasileiro\u201d (conhe\u00e7a o que foi a \u201c<a href=\"https:\/\/contrafcut.com.br\/noticias\/dia-internacional-do-orgulho-lgbtqia-para-reflexao-e-respeito\/\" target=\"_blank\" rel=\"noopener noreferrer\">Rebeli\u00e3o de Stonewall Inn<\/a>\u201d).<\/p>\n<p>A secret\u00e1ria da Juventude da Confedera\u00e7\u00e3o Nacional dos Trabalhadores do Ramo Financeiro (Contraf-CUT), Bianca Garbelini, a Bia, pontua que \u201ca visibilidade \u00e9 fundamental, pois existe aquele senso comum de que a mulher l\u00e9sbica n\u00e3o \u00e9 l\u00e9sbica de verdade, porque ainda n\u00e3o conheceu um homem que a fa\u00e7a virar mulher. Isso nos invisibiliza como sujeitos\u201d.<\/p>\n<p>Por conta desse estigma, o 29 de agosto busca o reconhecimento social, a garantia de seus direitos e a luta pelo fim da viol\u00eancia contra a mulher l\u00e9sbica. Segundo poucos levantamentos a respeito, cresce a cada ano o n\u00famero de lesboc\u00eddios \u2013 assassinatos e abuso que levam a mulher l\u00e9sbica \u00e0 morte.<\/p>\n<h3><strong>Pouca informa\u00e7\u00e3o<\/strong><\/h3>\n<p>Apesar de escassos, os levantamentos sobre a quest\u00e3o s\u00e3o alarmantes. Em 1983, por exemplo, o Grupo Gay da Bahia identificou um lesboc\u00eddio no pa\u00eds. Anos depois, pesquisa feita pelo Instituto Patr\u00edcia Galv\u00e3o levantou 16 casos em 2014, 26 em 2015, 30 em 2016 e 54 em 2017, uma escalada alarmante, com 126 mortes em apenas quatro anos. Conhe\u00e7a aqui o\u00a0<a href=\"https:\/\/dossies.agenciapatriciagalvao.org.br\/fontes-e-pesquisas\/wp-content\/uploads\/sites\/3\/2018\/04\/Dossi%C3%AA-sobre-lesboc%C3%ADdio-no-Brasil.pdf\" target=\"_blank\" rel=\"noopener noreferrer\">Dossi\u00ea Sobre Lesboc\u00eddio no Brasil<\/a>.<\/p>\n<p>Diante desses n\u00fameros, Bia afirma que \u00e9 fundamental a luta por direitos, \u201cpois n\u00e3o existe nenhuma iniciativa do Estado para levantamento de dados, nenhuma iniciativa de prote\u00e7\u00e3o para n\u00f3s; sabe-se que a maior parte de viol\u00eancia contra a mulher l\u00e9sbica vem de homens, e n\u00e3o h\u00e1 nenhum mecanismo espec\u00edfico contra isso; ent\u00e3o a visibilidade \u00e9 importante, sim, para cobrarmos do Estado a responsabilidade pela nossa seguran\u00e7a, pelo nosso bem estar, pelo nosso direito de viver, de ser e de amar quem a gente quiser\u201d.<\/p>\n<h3><strong>No trabalho<\/strong><\/h3>\n<p>Na Campanha Nacional 2022, a categoria banc\u00e1ria incluiu cl\u00e1usulas espec\u00edficas em respeito aos trabalhadores e trabalhadoras LGBTQIA+. Conforme explica Bia, \u201cno setor banc\u00e1rio, o direito \u00e0 identidade visual \u00e9 fundamental, como cada um se expressa para o mundo\u201d. A secret\u00e1ria observa que \u201cexiste a mulher l\u00e9sbica que \u00e9 mais feminilizada ou menos, e ambas devem ser respeitadas\u201d.<\/p>\n<p>Bia tamb\u00e9m indica que \u201co ambiente banc\u00e1rio, muito machista, exige a mulher toda enfeitada para ser boa vendedora, ent\u00e3o, ela tem que usar salto, se maquiar, usar decote, e a mulher l\u00e9sbica que n\u00e3o \u00e9 muito feminilizada, ao n\u00e3o corresponder com essa expectativa, acaba sendo escondida e jogada aos piores postos de trabalho, e isso n\u00e3o acontece s\u00f3 nos bancos, mas no mercado de trabalho como um todo\u201d.<\/p>\n<h3><strong>Canais de den\u00fancia<\/strong><\/h3>\n<p>Den\u00fancias de casos de lesbofobia, outras formas de LGBTfobia ou viol\u00eancia contra mulheres, crian\u00e7as, adolescentes, idosos ou qualquer pessoa vulner\u00e1vel, podem ser feitas pelo Disque 100, pelo portal do\u00a0<a href=\"https:\/\/www.gov.br\/mdh\/pt-br\/ondh\/\" target=\"_blank\" rel=\"noopener noreferrer\">Departamento de Ouvidoria Nacional dos Direitos Humanos<\/a>, ou pelo 190, telefone da Pol\u00edcia Militar.<\/p>\n<p><strong>Fonte: Contraf-CUT<\/strong><\/p>\n","protected":false},"excerpt":{"rendered":"<p>Nesta ter\u00e7a-feira (29) \u00e9 celebrado o dia da Visibilidade L\u00e9sbica, data em que ocorreu a primeira grande manifesta\u00e7\u00e3o dessa comunidade no Brasil, em 1996. O movimento ficou conhecido com o \u201cStonewall Brasileiro\u201d (conhe\u00e7a o que foi a \u201cRebeli\u00e3o de Stonewall Inn\u201d). A secret\u00e1ria da Juventude da Confedera\u00e7\u00e3o Nacional dos Trabalhadores do Ramo Financeiro (Contraf-CUT), Bianca [&hellip;]<\/p>\n","protected":false},"author":2,"featured_media":14482,"comment_status":"","ping_status":"","sticky":false,"template":"","format":"standard","meta":{"footnotes":""},"categories":[3],"tags":[],"class_list":["post-14483","post","type-post","status-publish","format-standard","has-post-thumbnail","hentry","category-noticias"],"_links":{"self":[{"href":"https:\/\/hostnetart.com.br\/baixada\/wp-json\/wp\/v2\/posts\/14483","targetHints":{"allow":["GET"]}}],"collection":[{"href":"https:\/\/hostnetart.com.br\/baixada\/wp-json\/wp\/v2\/posts"}],"about":[{"href":"https:\/\/hostnetart.com.br\/baixada\/wp-json\/wp\/v2\/types\/post"}],"author":[{"embeddable":true,"href":"https:\/\/hostnetart.com.br\/baixada\/wp-json\/wp\/v2\/users\/2"}],"replies":[{"embeddable":true,"href":"https:\/\/hostnetart.com.br\/baixada\/wp-json\/wp\/v2\/comments?post=14483"}],"version-history":[{"count":0,"href":"https:\/\/hostnetart.com.br\/baixada\/wp-json\/wp\/v2\/posts\/14483\/revisions"}],"wp:featuredmedia":[{"embeddable":true,"href":"https:\/\/hostnetart.com.br\/baixada\/wp-json\/wp\/v2\/media\/14482"}],"wp:attachment":[{"href":"https:\/\/hostnetart.com.br\/baixada\/wp-json\/wp\/v2\/media?parent=14483"}],"wp:term":[{"taxonomy":"category","embeddable":true,"href":"https:\/\/hostnetart.com.br\/baixada\/wp-json\/wp\/v2\/categories?post=14483"},{"taxonomy":"post_tag","embeddable":true,"href":"https:\/\/hostnetart.com.br\/baixada\/wp-json\/wp\/v2\/tags?post=14483"}],"curies":[{"name":"wp","href":"https:\/\/api.w.org\/{rel}","templated":true}]}}