{"id":14481,"date":"2023-08-29T14:29:43","date_gmt":"2023-08-29T17:29:43","guid":{"rendered":"https:\/\/hostnetart.com.br\/baixada\/com-shows-e-atracoes-artisticas-cut-celebrou-seus-40-anos-no-litoral-paulista\/"},"modified":"2023-08-29T14:29:43","modified_gmt":"2023-08-29T17:29:43","slug":"com-shows-e-atracoes-artisticas-cut-celebrou-seus-40-anos-no-litoral-paulista","status":"publish","type":"post","link":"https:\/\/hostnetart.com.br\/baixada\/com-shows-e-atracoes-artisticas-cut-celebrou-seus-40-anos-no-litoral-paulista\/","title":{"rendered":"Com shows e atra\u00e7\u00f5es art\u00edsticas CUT celebrou seus 40 anos no litoral paulista"},"content":{"rendered":"<p>Em comemora\u00e7\u00e3o aos 40 anos da CUT, no \u00faltimo s\u00e1bado (26), a Praia Grande foi palco de atra\u00e7\u00f5es culturais e shows que inclu\u00edram a apresenta\u00e7\u00e3o da banca Ira!. A celebra\u00e7\u00e3o do anivers\u00e1rio da Central, em 2023, acontece em um momento de reorganiza\u00e7\u00e3o e defini\u00e7\u00e3o das lutas para os pr\u00f3ximos anos, processo quem vem sendo realizado por meio dos congressos estaduais da CUT (Cecut\u00b4s).<\/p>\n<p>Fundada em 28 de agosto de 1983, no 1\u00b0 Congresso Nacional da Classe Trabalhadora (Conclat), a CUT teve sua hist\u00f3ria de lutas exaltada tanto pela dire\u00e7\u00e3o da entidade como pelos pr\u00f3prios artistas que se apresentaram em um palco montado na Avenida dos Sindicatos, em frente \u00e0 sede da col\u00f4nia de f\u00e9rias do Sinergia-SP.<\/p>\n<p>A festa do \u00faltimo s\u00e1bado, que na verdade \u00e9 parte da celebra\u00e7\u00e3o dos 40 anos, foi realizada simultaneamente com o 16\u00b0 Congresso da CUT S\u00e3o Paulo, que reuniu mais de 700 sindicalistas de todo o estado e elegeu sua nova dire\u00e7\u00e3o para os pr\u00f3ximos quatro anos.<\/p>\n<p>A Praia Grande foi escolhida por ter sediado, em 1981, a 1\u00aa Conclat, Confer\u00eancia Nacional da Classe Trabalhadora, que reuniu mais de cinco mil sindicalistas de todo o pa\u00eds para dar um basta aos ataques da ditadura militar ao sindicalismo e, principalmente, para organizar a luta dos trabalhadores. Ali foi gerado o embri\u00e3o da CUT, que seria fundada dois anos mais tarde.<\/p>\n<p>O presidente da CUT Nacional, S\u00e9rgio Nobre, fez um breve resgate da import\u00e2ncia da Central e sobre o orgulho em comemorar uma hist\u00f3ria t\u00e3o intensa de lutas em defesa de trabalhadores e trabalhadoras. \u201c\u00c9 um dia especial em que a nossa querida CUT completa 40 anos de vida, uma jovem organiza\u00e7\u00e3o, mas com um grande servi\u00e7o prestado \u00e0 classe trabalhadora brasileira\u201d, afirmou o presidente da CUT.<\/p>\n<p>\u201c\u00c9 uma bela hist\u00f3ria. Nascemos na ditadura militar, conseguimos a alegria de recuperar a democracia no Brasil, vimos o movimento sindical renascer ao longo desses 40 anos, firmamos parceria com movimentos importantes que surgiram como os movimentos populares e sociais, constru\u00edmos parcerias com partidos e temos tamb\u00e9m a alegria de ter eleito por tr\u00eas vezes o nosso querido presidente Lula, que nos d\u00e1 oportunidade de reconstruir o pa\u00eds\u201d, disse S\u00e9rgio Nobre.<\/p>\n<p>O dirigente parabenizou n\u00e3o somente aqueles que integraram o quadro da CUT ao longo dos anos, que participaram dessa constru\u00e7\u00e3o, mas, em especial milh\u00f5es de trabalhadores an\u00f4nimos que, \u201cno dia a dia da sua luta na constru\u00e7\u00e3o civil, nas escolas, no servi\u00e7o p\u00fablico, no campo, constru\u00edram essa hist\u00f3ria t\u00e3o bela da CUT\u201d.<\/p>\n<p>\u201cBela hist\u00f3ria\u201d tamb\u00e9m foi o termo citado pela vice-presidenta da CUT, Juvandia Moreira, para homenagear a Central pelos seus 40 anos. A CUT completa 40 anos de uma luta muito bonita. Ela nasceu lutando pela redemocratiza\u00e7\u00e3o do Brasil, lutando por direitos, inclusive pelo \u2018direito a ter o direito de lutar\u2019, disse, se referindo ao direito de greve, \u00e0 negocia\u00e7\u00e3o coletiva, ao direito de se aposentar, ter seguridade social, entre tantos outros. \u201cA CUT continua lutando 40 anos depois e todas as grandes lutas do Brasil desse per\u00edodo tem a participa\u00e7\u00e3o da CUT\u201d, refor\u00e7ou a dirigente.<\/p>\n<p>A celebra\u00e7\u00e3o, no \u00faltimo s\u00e1bado, ela disse, foi para \u201ccelebrar essas lutas, os direitos e as conquistas que transformaram tantas vidas\u201d. Mas teve tamb\u00e9m o car\u00e1ter de seguir o compromisso de continuar lutando para melhorar e redemocratizar o Brasil. \u201cReconstruir Brasil de todos esses golpes que vieram para que a democracia prevale\u00e7a sempre\u201d, disse Juvandia em rela\u00e7\u00e3o aos \u00faltimos seis anos de ataques \u00e0 democracia e aos direitos dos trabalhadores.<\/p>\n<h3>Desafios<\/h3>\n<p>A sociedade, a classe trabalhadora e o mundo do trabalho em si, est\u00e3o sempre em transforma\u00e7\u00e3o. Ao longo dos 40 anos a CUT se reorganizou diversas vezes para cumprir com seu papel de representar o conjunto da classe trabalhadora e na luta pela democracia do pa\u00eds, com igualdade e justi\u00e7a social.<\/p>\n<p>Para os pr\u00f3ximos anos, n\u00e3o ser\u00e1 diferente, apontou o secret\u00e1rio de Administra\u00e7\u00e3o e Finan\u00e7as da CUT, Ariovaldo de Camargo. \u201cEstamos celebrando os 40 anos e apontando para os pr\u00f3ximos 40 anos, para representar a classe trabalhadora em sua plenitude. A CUT nasceu com car\u00e1ter classista, de massa e organizada pela base. O desafio principal hoje \u00e9 olhar para um segmento que representa quase metade dos trabalhadores e trabalhadoras do Brasil, que n\u00e3o est\u00e1 no mercado formal de trabalho\u201d, explicou o dirigente em rela\u00e7\u00e3o a uma das principais transforma\u00e7\u00f5es da rela\u00e7\u00e3o capital e trabalho nos \u00faltimos anos \u2013 a precariza\u00e7\u00e3o ocasionada pela informalidade.<\/p>\n<p>Tal transforma\u00e7\u00e3o foi aprofundada com a reforma Trabalhista do governo de Michel Temer (MDB), em 2017, que al\u00e9m de acabar com direitos de trabalhadores, tamb\u00e9m investiu para enfraquecer e desestabilizar o movimento sindical.<\/p>\n<p>No entanto, a CUT, com todas as dificuldades, se manteve firme e em luta para se manter em seu prop\u00f3sito. \u201cNeste momento de celebra\u00e7\u00e3o, estamos sendo desafiados para que, nos pr\u00f3ximos 40 anos, possamos dar respostas ao conjunto da classe trabalhadora, que envolve os trabalhadores informais e os formais. Por isso, temos muito o que fazer e desejamos sucesso \u00e0 CUT e muita garra para os pr\u00f3ximos 40 anos de muita luta\u201d, pontuou Ari.<\/p>\n<h3>Processo de reorganiza\u00e7\u00e3o \u2013 os Cecut\u00b4s<\/h3>\n<p>A CUT se organiza e define suas estrat\u00e9gias de luta a partir de suas bases. Por isso, a realiza\u00e7\u00e3o dos congressos estaduais (Cecut\u00b4s) t\u00eam peso fundamental na constru\u00e7\u00e3o do que ser\u00e1 a CUT nos pr\u00f3ximos anos. E, neste ano, ao completar quatro d\u00e9cadas, todo esse processo se torna hist\u00f3rico n\u00e3o somente pela coincid\u00eancia com as datas dos Cecut\u2019s, mas em especial pelo momento de retomada do Brasil pela classe trabalhadora ap\u00f3s anos de atentados \u00e0 democracia, com a elei\u00e7\u00e3o do presidente Luiz In\u00e1cio Lula da Silva.<\/p>\n<p>\u201cOs 40 anos da CUT culminar\u00e3o no 14\u00b0 Congresso e ao longo desses \u00faltimos meses, as CUT estaduais fizeram seus congressos. \u00c9 uma constru\u00e7\u00e3o democr\u00e1tica ouvindo as bases de todo pa\u00eds, que est\u00e3o se reorganizando e rearticulando\u201d, afirmou o Secret\u00e1rio-geral da CUT, Aparecido Donizeti da Silva.<\/p>\n<p>O dirigente tamb\u00e9m falou sobre a celebra\u00e7\u00e3o do anivers\u00e1rio. \u201cResgatamos com os shows, as atra\u00e7\u00f5es e junto com os 700 delegados sindicais do estado de S\u00e3o Paulo uma comemora\u00e7\u00e3o de todos os avan\u00e7os em n\u00edvel nacional ao longo dos 40 anos, seja na jornada de trabalho, na emancipa\u00e7\u00e3o da mulher, na pol\u00edtica do sal\u00e1rio m\u00ednimo, seja na democracia, como podemos comemorar hoje, seja em outras tantas conquistas e vit\u00f3rias que fazem parte da hist\u00f3ria da CUT\u201d.<\/p>\n<p><strong>Fonte: Contraf-CUT<\/strong><\/p>\n","protected":false},"excerpt":{"rendered":"<p>Em comemora\u00e7\u00e3o aos 40 anos da CUT, no \u00faltimo s\u00e1bado (26), a Praia Grande foi palco de atra\u00e7\u00f5es culturais e shows que inclu\u00edram a apresenta\u00e7\u00e3o da banca Ira!. A celebra\u00e7\u00e3o do anivers\u00e1rio da Central, em 2023, acontece em um momento de reorganiza\u00e7\u00e3o e defini\u00e7\u00e3o das lutas para os pr\u00f3ximos anos, processo quem vem sendo realizado [&hellip;]<\/p>\n","protected":false},"author":2,"featured_media":14480,"comment_status":"","ping_status":"","sticky":false,"template":"","format":"standard","meta":{"footnotes":""},"categories":[3],"tags":[],"class_list":["post-14481","post","type-post","status-publish","format-standard","has-post-thumbnail","hentry","category-noticias"],"_links":{"self":[{"href":"https:\/\/hostnetart.com.br\/baixada\/wp-json\/wp\/v2\/posts\/14481","targetHints":{"allow":["GET"]}}],"collection":[{"href":"https:\/\/hostnetart.com.br\/baixada\/wp-json\/wp\/v2\/posts"}],"about":[{"href":"https:\/\/hostnetart.com.br\/baixada\/wp-json\/wp\/v2\/types\/post"}],"author":[{"embeddable":true,"href":"https:\/\/hostnetart.com.br\/baixada\/wp-json\/wp\/v2\/users\/2"}],"replies":[{"embeddable":true,"href":"https:\/\/hostnetart.com.br\/baixada\/wp-json\/wp\/v2\/comments?post=14481"}],"version-history":[{"count":0,"href":"https:\/\/hostnetart.com.br\/baixada\/wp-json\/wp\/v2\/posts\/14481\/revisions"}],"wp:featuredmedia":[{"embeddable":true,"href":"https:\/\/hostnetart.com.br\/baixada\/wp-json\/wp\/v2\/media\/14480"}],"wp:attachment":[{"href":"https:\/\/hostnetart.com.br\/baixada\/wp-json\/wp\/v2\/media?parent=14481"}],"wp:term":[{"taxonomy":"category","embeddable":true,"href":"https:\/\/hostnetart.com.br\/baixada\/wp-json\/wp\/v2\/categories?post=14481"},{"taxonomy":"post_tag","embeddable":true,"href":"https:\/\/hostnetart.com.br\/baixada\/wp-json\/wp\/v2\/tags?post=14481"}],"curies":[{"name":"wp","href":"https:\/\/api.w.org\/{rel}","templated":true}]}}