{"id":14473,"date":"2023-08-28T21:56:14","date_gmt":"2023-08-29T00:56:14","guid":{"rendered":"https:\/\/hostnetart.com.br\/baixada\/dia-do-bancario-categoria-tem-muito-a-comemorar\/"},"modified":"2023-08-28T21:56:14","modified_gmt":"2023-08-29T00:56:14","slug":"dia-do-bancario-categoria-tem-muito-a-comemorar","status":"publish","type":"post","link":"https:\/\/hostnetart.com.br\/baixada\/dia-do-bancario-categoria-tem-muito-a-comemorar\/","title":{"rendered":"Dia do Banc\u00e1rio: categoria tem muito a comemorar"},"content":{"rendered":"<p>Nesta segunda-feira, 28 de agosto, comemora-se o Dia do Banc\u00e1rio. A data foi criada para lembrar de uma grande vit\u00f3ria da categoria, o reajuste de 31% nos sal\u00e1rios, quando os bancos queriam dar apenas 20%. Isso foi em 1951 e a conquista veio depois de 69 dias de paralisa\u00e7\u00e3o.<\/p>\n<p>Mas, essa n\u00e3o \u00e9 a \u00fanica vit\u00f3ria da categoria! A hist\u00f3ria das banc\u00e1rias e banc\u00e1rios \u00e9 marcada por muitas conquistas!<\/p>\n<p>\u201cSou funcion\u00e1ria do Bradesco desde 1992. De l\u00e1 para c\u00e1, muitas mudan\u00e7as aconteceram no setor. O trabalho banc\u00e1rio mudou, os problemas na categoria tamb\u00e9m mudaram, a sociedade mudou. Travamos muitas lutas, com governos que atacaram direitos das banc\u00e1rias e dos banc\u00e1rios, governos que nos ouviam\u201d, recordou a presidenta da Confedera\u00e7\u00e3o Nacional dos Trabalhadores do Ramo Financeiro (Contraf-CUT), Juvandia Moreira. \u201cFoi uma trajet\u00f3ria de muito aprendizado e constru\u00edmos uma organiza\u00e7\u00e3o nacional com uma unidade muito grande! Temos uma Conven\u00e7\u00e3o Coletiva nacional\u201d, completou a presidenta da Contraf-CUT.<\/p>\n<p>Mas, para Juvandia, o que mais precisa ser comemorado \u00e9 a pr\u00f3pria banc\u00e1ria, o pr\u00f3prio banc\u00e1rio. \u201cHoje \u00e9 um dia especial! Temos muitas conquistas a comemorar. Mas temos que comemorar tamb\u00e9m a vida do banc\u00e1rio e da banc\u00e1ria. Esse \u00e9 o nosso valor maior!\u201d, disse. \u201cParab\u00e9ns pelo seu dia, pela sua profiss\u00e3o, por sua dedica\u00e7\u00e3o \u00e0 sociedade brasileira!\u201d, disse a presidenta da Contraf-CUT.<\/p>\n<h3><strong>Hist\u00f3rico<\/strong><\/h3>\n<p>No dia 28 de agosto de 1951, os banc\u00e1rios decidiram cruzar os bra\u00e7os para reivindicar um reajuste salarial de 40%. Os bancos queriam dar apenas 20%.<\/p>\n<p>Os \u00edndices oficiais do governo na \u00e9poca apontavam um aumento de 15,4% no custo de vida. Os banc\u00e1rios refizeram os c\u00e1lculos e o pr\u00f3prio governo teve que rever seus \u00edndices, que saltou para impressionantes 30,7%. Depois de 69 dias de paralisa\u00e7\u00e3o, os banc\u00e1rios conquistaram 31% de reajuste. Foi a maior greve da hist\u00f3ria da categoria. O dia 28 de agosto passou a ser considerado como o Dia do Banc\u00e1rio.<\/p>\n<h3><strong>Muito al\u00e9m do reajuste<\/strong><\/h3>\n<p>Mas, al\u00e9m do reajuste, a greve de 1951 tamb\u00e9m fez surgir sindicatos de banc\u00e1rios em v\u00e1rios pontos do pa\u00eds. Assim, tamb\u00e9m \u00e9 indiscut\u00edvel a import\u00e2ncia da greve para a organiza\u00e7\u00e3o da luta da categoria, que de l\u00e1 para c\u00e1 obteve <a href=\"https:\/\/spbancarios.com.br\/04\/2019\/sindicato-96-anos-de-luta-e-conquistas-para-categoria-bancaria\" target=\"_blank\" rel=\"noopener noreferrer\">muitas outras conquistas<\/a>.<\/p>\n<p>Outro m\u00e9rito da greve de 1951, foi a contesta\u00e7\u00e3o dos dados oficiais do governo. A partir da\u00ed, surgiram as bases para a cria\u00e7\u00e3o do <a href=\"https:\/\/www.dieese.org.br\/\" target=\"_blank\" rel=\"noopener noreferrer\">Departamento Intersindical de Estat\u00edstica e Estudos Socioecon\u00f4micos (Dieese)<\/a>. O Dieese nasceu com o objetivo de municiar os trabalhadores com dados estat\u00edsticos confi\u00e1veis.<\/p>\n<h3><strong>Dia especial<\/strong><\/h3>\n<p>O dia 28 de agosto tamb\u00e9m deve ser comemorado pela <a href=\"https:\/\/www.cut.org.br\/noticias\/ha-38-anos-trabalhadores-davam-os-primeiros-passos-para-o-surgimento-da-cut-be95\" target=\"_blank\" rel=\"noopener noreferrer\">funda\u00e7\u00e3o da Central \u00danica dos Trabalhadores (CUT)<\/a>, durante o 1\u00ba Congresso Nacional da Classe Trabalhadora (Conclat), em 1983. Ainda durante a ditadura militar.<\/p>\n<p>\u201cTamb\u00e9m hoje, a CUT completa 40 anos de luta pela classe trabalhadora. Tudo que \u00e9 importante para o trabalhador e para trabalhadora \u00e9 importante pra CUT. Parab\u00e9ns banc\u00e1rio, parab\u00e9ns CUT!\u201d, concluiu Juvandia.<\/p>\n<p><strong>Fonte: Contraf-CUT<\/strong><\/p>\n","protected":false},"excerpt":{"rendered":"<p>Nesta segunda-feira, 28 de agosto, comemora-se o Dia do Banc\u00e1rio. A data foi criada para lembrar de uma grande vit\u00f3ria da categoria, o reajuste de 31% nos sal\u00e1rios, quando os bancos queriam dar apenas 20%. Isso foi em 1951 e a conquista veio depois de 69 dias de paralisa\u00e7\u00e3o. Mas, essa n\u00e3o \u00e9 a \u00fanica [&hellip;]<\/p>\n","protected":false},"author":2,"featured_media":14472,"comment_status":"","ping_status":"","sticky":false,"template":"","format":"standard","meta":{"footnotes":""},"categories":[3],"tags":[],"class_list":["post-14473","post","type-post","status-publish","format-standard","has-post-thumbnail","hentry","category-noticias"],"_links":{"self":[{"href":"https:\/\/hostnetart.com.br\/baixada\/wp-json\/wp\/v2\/posts\/14473","targetHints":{"allow":["GET"]}}],"collection":[{"href":"https:\/\/hostnetart.com.br\/baixada\/wp-json\/wp\/v2\/posts"}],"about":[{"href":"https:\/\/hostnetart.com.br\/baixada\/wp-json\/wp\/v2\/types\/post"}],"author":[{"embeddable":true,"href":"https:\/\/hostnetart.com.br\/baixada\/wp-json\/wp\/v2\/users\/2"}],"replies":[{"embeddable":true,"href":"https:\/\/hostnetart.com.br\/baixada\/wp-json\/wp\/v2\/comments?post=14473"}],"version-history":[{"count":0,"href":"https:\/\/hostnetart.com.br\/baixada\/wp-json\/wp\/v2\/posts\/14473\/revisions"}],"wp:featuredmedia":[{"embeddable":true,"href":"https:\/\/hostnetart.com.br\/baixada\/wp-json\/wp\/v2\/media\/14472"}],"wp:attachment":[{"href":"https:\/\/hostnetart.com.br\/baixada\/wp-json\/wp\/v2\/media?parent=14473"}],"wp:term":[{"taxonomy":"category","embeddable":true,"href":"https:\/\/hostnetart.com.br\/baixada\/wp-json\/wp\/v2\/categories?post=14473"},{"taxonomy":"post_tag","embeddable":true,"href":"https:\/\/hostnetart.com.br\/baixada\/wp-json\/wp\/v2\/tags?post=14473"}],"curies":[{"name":"wp","href":"https:\/\/api.w.org\/{rel}","templated":true}]}}