{"id":14471,"date":"2023-08-28T21:54:46","date_gmt":"2023-08-29T00:54:46","guid":{"rendered":"https:\/\/hostnetart.com.br\/baixada\/congresso-aprovou-reajuste-na-tabela-do-ir\/"},"modified":"2023-08-28T21:54:46","modified_gmt":"2023-08-29T00:54:46","slug":"congresso-aprovou-reajuste-na-tabela-do-ir","status":"publish","type":"post","link":"https:\/\/hostnetart.com.br\/baixada\/congresso-aprovou-reajuste-na-tabela-do-ir\/","title":{"rendered":"Congresso aprovou reajuste na tabela do IR"},"content":{"rendered":"<p>Na quinta-feira (24), o Congresso aprovou a amplia\u00e7\u00e3o da faixa de isen\u00e7\u00e3o do imposto de renda, que havia sido concedida pelo governo Lula no dia 1\u00ba de maio por meio da Medida Provis\u00f3ria 1172\/23.<\/p>\n<p>Para a presidenta da Contraf-CUT, a medida torna maior o sal\u00e1rio l\u00edquido dos banc\u00e1rios, ou seja, mais dinheiro no bolso do trabalhador. \u201cIsso ajuda a potencializar aquele reajuste que n\u00f3s acordamos na nossa Conven\u00e7\u00e3o Coletiva de Trabalho\u201d, observou.<\/p>\n<p>Com os custos da cesta b\u00e1sica de julho de 2023, segundo levantamento realizado pelo Dieese, na cidade de S\u00e3o Paulo a corre\u00e7\u00e3o da tabela do IR permitir\u00e1, com o sal\u00e1rio m\u00e9dio de caixa, por exemplo, a compra de 1kg a mais de carne, ou 1kg de caf\u00e9, ou 5kg de feij\u00e3o, ou 9kg de arroz, ou 6 litros de leite. Em cidades com custo de vida menor daria para comprar mais. Em Aracaj\u00fa, por exemplo, daria pra comprar 1,3Kg de caf\u00e9, ou 7 litros de leite, a mais por m\u00eas.<\/p>\n<figure class=\"wp-block-image size-large\"><img fetchpriority=\"high\" decoding=\"async\" class=\"wp-image-305563\" src=\"https:\/\/contrafcut.com.br\/wp-content\/uploads\/2023\/08\/ganhos-dos-bancarios-com-correcao-da-tabela-do-ir.jpeg\" sizes=\"(max-width: 1063px) 100vw, 1063px\" srcset=\"https:\/\/contrafcut.com.br\/wp-content\/uploads\/2023\/08\/ganhos-dos-bancarios-com-correcao-da-tabela-do-ir.jpeg 1063w, https:\/\/contrafcut.com.br\/wp-content\/uploads\/2023\/08\/ganhos-dos-bancarios-com-correcao-da-tabela-do-ir-410x77.jpeg 410w, https:\/\/contrafcut.com.br\/wp-content\/uploads\/2023\/08\/ganhos-dos-bancarios-com-correcao-da-tabela-do-ir-768x144.jpeg 768w\" alt=\"\" width=\"1063\" height=\"199\" data-cfsrc=\"https:\/\/contrafcut.com.br\/wp-content\/uploads\/2023\/08\/ganhos-dos-bancarios-com-correcao-da-tabela-do-ir.jpeg\" \/><\/figure>\n<h3><strong>E vai melhorar<\/strong><\/h3>\n<p>\u201cO governo Lula est\u00e1 cumprindo os compromissos fez durante a campanha. Ou seja, essa isen\u00e7\u00e3o \u00e9 o come\u00e7o. O presidente se comprometeu a ampliar a isen\u00e7\u00e3o pra cinco mil reais\u201d, lembrou Juvandia. \u201cN\u00f3s vamos trabalhar junto ao Congresso pra que se amplie essa isen\u00e7\u00e3o dada agora e essa tabela do imposto de renda melhore ainda mais, pra que quem ganha menos pague menos mesmo\u201d, refor\u00e7ou a presidenta da Contraf-CUT.<\/p>\n<p>Juvandia lembrou ainda que o sal\u00e1rio das pessoas que ganham menos \u00e9 praticamente todo comprometido com o consumo e com os gastos que t\u00eam. \u201cO que ganham n\u00e3o \u00e9 suficiente pra poupar. Elas consomem praticamente todo o seu sal\u00e1rio. Ent\u00e3o pra que esse trabalhador tenha melhor condi\u00e7\u00e3o de vida, \u00e9 justo que ele pague menos imposto e que os super-ricos paguem mais\u201d disse.<\/p>\n<p>A presidenta da Contraf-CUT tamb\u00e9m defende a tributa\u00e7\u00e3o de dividendos distribu\u00eddos aos acionistas das empresas. \u201cEles s\u00e3o isentos e precisam come\u00e7ar a pagar. Assim podemos ampliar a isen\u00e7\u00e3o dos mais pobres sem comprometer a arrecada\u00e7\u00e3o necess\u00e1ria para a realiza\u00e7\u00e3o das pol\u00edticas que o pa\u00eds precisa\u201d, explicou. \u201cIsso tamb\u00e9m valoriza os sal\u00e1rios dos trabalhadores\u201d, concluiu.<\/p>\n<p><strong>Fonte: Contraf-CUT<\/strong><\/p>\n","protected":false},"excerpt":{"rendered":"<p>Na quinta-feira (24), o Congresso aprovou a amplia\u00e7\u00e3o da faixa de isen\u00e7\u00e3o do imposto de renda, que havia sido concedida pelo governo Lula no dia 1\u00ba de maio por meio da Medida Provis\u00f3ria 1172\/23. Para a presidenta da Contraf-CUT, a medida torna maior o sal\u00e1rio l\u00edquido dos banc\u00e1rios, ou seja, mais dinheiro no bolso do [&hellip;]<\/p>\n","protected":false},"author":2,"featured_media":14470,"comment_status":"","ping_status":"","sticky":false,"template":"","format":"standard","meta":{"footnotes":""},"categories":[3],"tags":[],"class_list":["post-14471","post","type-post","status-publish","format-standard","has-post-thumbnail","hentry","category-noticias"],"_links":{"self":[{"href":"https:\/\/hostnetart.com.br\/baixada\/wp-json\/wp\/v2\/posts\/14471","targetHints":{"allow":["GET"]}}],"collection":[{"href":"https:\/\/hostnetart.com.br\/baixada\/wp-json\/wp\/v2\/posts"}],"about":[{"href":"https:\/\/hostnetart.com.br\/baixada\/wp-json\/wp\/v2\/types\/post"}],"author":[{"embeddable":true,"href":"https:\/\/hostnetart.com.br\/baixada\/wp-json\/wp\/v2\/users\/2"}],"replies":[{"embeddable":true,"href":"https:\/\/hostnetart.com.br\/baixada\/wp-json\/wp\/v2\/comments?post=14471"}],"version-history":[{"count":0,"href":"https:\/\/hostnetart.com.br\/baixada\/wp-json\/wp\/v2\/posts\/14471\/revisions"}],"wp:featuredmedia":[{"embeddable":true,"href":"https:\/\/hostnetart.com.br\/baixada\/wp-json\/wp\/v2\/media\/14470"}],"wp:attachment":[{"href":"https:\/\/hostnetart.com.br\/baixada\/wp-json\/wp\/v2\/media?parent=14471"}],"wp:term":[{"taxonomy":"category","embeddable":true,"href":"https:\/\/hostnetart.com.br\/baixada\/wp-json\/wp\/v2\/categories?post=14471"},{"taxonomy":"post_tag","embeddable":true,"href":"https:\/\/hostnetart.com.br\/baixada\/wp-json\/wp\/v2\/tags?post=14471"}],"curies":[{"name":"wp","href":"https:\/\/api.w.org\/{rel}","templated":true}]}}