{"id":1447,"date":"2013-09-02T00:00:00","date_gmt":"2013-09-02T03:00:00","guid":{"rendered":"https:\/\/hostnetart.com.br\/baixada\/trabalhadores-fazem-paralisacoes-em-todo-o-pais-contra-pl-da-terceirizacao\/"},"modified":"2013-09-02T00:00:00","modified_gmt":"2013-09-02T03:00:00","slug":"trabalhadores-fazem-paralisacoes-em-todo-o-pais-contra-pl-da-terceirizacao","status":"publish","type":"post","link":"https:\/\/hostnetart.com.br\/baixada\/trabalhadores-fazem-paralisacoes-em-todo-o-pais-contra-pl-da-terceirizacao\/","title":{"rendered":"Trabalhadores fazem paralisa\u00e7\u00f5es em todo o pa\u00eds contra PL da terceiriza\u00e7\u00e3o"},"content":{"rendered":"<p><strong>CUT Nacional<\/strong><\/p>\n<p>\u00a0<\/p>\n<p>A CUT e as demais centrais sindicais realizaram nesta sexta-feira (30) o Dia Nacional de Mobiliza\u00e7\u00e3o e Paralisa\u00e7\u00e3o, com participa\u00e7\u00e3o expressiva dos banc\u00e1rios. Em v\u00e1rias cidades do pa\u00eds, diversas categorias e ramos se mobilizarams para pressionar o Executivo e o Legislativo para que votem a favor das pautas de interesse da classe trabalhadora.<\/p>\n<p>\u00a0<\/p>\n<p>Os itens da pauta de reivindica\u00e7\u00f5es que ser\u00e3o priorizados nos atos desta sexta s\u00e3o:<\/p>\n<p>\u00a0<\/p>\n<p>1 \u2013 contra o Projeto de Lei n\u00ba 4330\/04, o PL da terceiriza\u00e7\u00e3o de autoria do deputado-empres\u00e1rio Sandro Mabel (PMDB-GO), que retira direitos dos trabalhadores e piora muito as condi\u00e7\u00f5es de trabalho, renda e seguran\u00e7a; pelo fim do fator previdenci\u00e1rio; pelas 40 horas semanais sem redu\u00e7\u00e3o de sal\u00e1rio; 10% do PIB para a educa\u00e7\u00e3o; 10% do or\u00e7amento da Uni\u00e3o para a sa\u00fade; transporte p\u00fablico e de qualidade; valoriza\u00e7\u00e3o das aposentadorias; reforma agr\u00e1ria; suspens\u00e3o dos leil\u00f5es do petr\u00f3leo.<\/p>\n<p>\u00a0<\/p>\n<p>Confira abaixo onde houve manifesta\u00e7\u00f5es pelo Brasil, segundo relatos repassados pelas CUTs estaduais e confedera\u00e7\u00f5es at\u00e9 as 20h05 desta sexta-feira 30.<\/p>\n<p>\u00a0<\/p>\n<p>\u00a0<\/p>\n<p><strong>AMAP\u00c1<\/strong><\/p>\n<p>\u00a0<\/p>\n<p>Manifestantes se concentraram na Pra\u00e7a Veiga Cabral no centro \u00e0s 8h e sa\u00edram em passeata pela rua Candido Mendes, seguindo pela Av. Padre Julio at\u00e9 a Rua S\u00e3o Jos\u00e9 at\u00e9 a Av. FAB, encerrando na Assembleia Legislativa. Houve muita participa\u00e7\u00e3o dos sindicatos e popula\u00e7\u00e3o.<\/p>\n<p>\u00a0<\/p>\n<p>\u00a0<\/p>\n<p><strong>AMAZONAS<\/strong><\/p>\n<p>\u00a0<\/p>\n<p>Atraso na troca de turno em empresas metal\u00fargicas e pl\u00e1sticas, com panfletagem, a partir das 5 da manh\u00e3 at\u00e9 \u00e0s 7 da manh\u00e3.<\/p>\n<p>\u00a0<\/p>\n<p>\u00a0<\/p>\n<p><strong>BAHIA<\/strong><\/p>\n<p>\u00a0<\/p>\n<p>Pela manh\u00e3, houve manifesta\u00e7\u00f5es nas bases dos sindicatos CUTistas das 3h30 da manh\u00e3 at\u00e9 meio-dia. Bloqueio na BR 324, paradas em ind\u00fastrias, servi\u00e7os, educa\u00e7\u00e3o, (trabalharam at\u00e9 meio-dia), sa\u00fade, pol\u00edcia civil, rodovi\u00e1rios, alimenta\u00e7\u00e3o, guarda municipal, polo petroqu\u00edmico. Ao todo, cerca de 10 mil trabalhadores participaram dos atos.<\/p>\n<p>\u00a0<\/p>\n<p>A partir das 17 horas teve in\u00edcio protesto em frente \u00e0 Rede Bahia, afiliada da Rede Globo, no Bairro da Federa\u00e7\u00e3o.<\/p>\n<p>\u00a0<\/p>\n<p>\u00a0<\/p>\n<p><strong>CEAR\u00c1<\/strong><\/p>\n<p>\u00a0<\/p>\n<p>Paralisa\u00e7\u00e3o dos trabalhadores do Com\u00e9rcio, Banc\u00e1rios, Educa\u00e7\u00e3o (APEOC e SINDUTE) e de Servidores Estaduais e Municipais em alguns munic\u00edpios.<\/p>\n<p>\u00a0<\/p>\n<p>\u00a0<\/p>\n<p><strong>Fortaleza<\/strong><\/p>\n<p>\u00a0<\/p>\n<p>Trabalhadores fecharam os sete Terminais de \u00f4nibus de Fortaleza, desde as 5 horas da manh\u00e3.<\/p>\n<p>\u00a0<\/p>\n<p>Caucaia \u2013 Os trabalhadores municipais se concentraram \u00e0 9h na Pra\u00e7a da C\u00e2mara. Atos regionais em Beberibe, Cascavel, Chorozinho, Eusebio, Guaiuba, Horizonte, Itaitinga, Maracana\u00fa, Maranguape, Pacajus, Pacatuba e S\u00e3o Gon\u00e7alo de Amarante.<\/p>\n<p>\u00a0<\/p>\n<p>Quixad\u00e1- ato em frente \u00e0 Prefeitura \u00e0s 8h e ato em Quixeramobim.<\/p>\n<p>\u00a0<\/p>\n<p>Quixer\u00e9 \u2013 Concentra\u00e7\u00e3o ocorreu a partir das 8h na sede do sindicato dos municipais. Manifesta\u00e7\u00f5es em Erer\u00e9, Icapu\u00ed, Jaguaribe, Jaguaribara, Jaguaretama, Limoeiro do Norte, Morada Nova, Pindoretama, Russas, Tabuleiro do Norte.<\/p>\n<p>\u00a0<\/p>\n<p>Crato \u2013 Foi realizado um grande debate no Audit\u00f3rio do Pal\u00e1cio do Com\u00e9rcio \u00e0s 9h.<\/p>\n<p>\u00a0<\/p>\n<p>Campo Sales \u2013 Ato na C\u00e2mara Municipal \u00e0s 9h<\/p>\n<p>\u00a0<\/p>\n<p>Itapipoca \u2013 concentra\u00e7\u00e3o \u00e0s 8h na sede do sindicato dos municipais, seguida de caminhada.<\/p>\n<p>\u00a0<\/p>\n<p>Senador Pompeu- assembleia-geral<\/p>\n<p>\u00a0<\/p>\n<p>Aquiraz \u2013 assembleia de professores \u00e0s 15h<\/p>\n<p>\u00a0<\/p>\n<p>Miss\u00e3o Velha \u2013 F\u00f3rum na C\u00e2mara Municipal \u00e0s 8h<\/p>\n<p>\u00a0<\/p>\n<p>Crate\u00fas \u2013 concentra\u00e7\u00e3o \u00e1s 8h na c\u00e2mara municipal; ato em Nova Russas e Tamboril.<\/p>\n<p>\u00a0<\/p>\n<p>Itaitinga \u2013 Concentra\u00e7\u00e3o na Escola Profissionalizante \u00e0s 15h<\/p>\n<p>\u00a0<\/p>\n<p>\u00a0<\/p>\n<p><strong>DISTRITO FEDERAL<\/strong><\/p>\n<p>\u00a0<\/p>\n<p>\u00c0s 7h30 os aerovi\u00e1rios realizaram ato no Aeroporto Internacional de Bras\u00edlia pela constru\u00e7\u00e3o de estacionamento p\u00fablico. Concentra\u00e7\u00e3o em frente ao terminal II;<\/p>\n<p>\u00a0<br \/>Os trabalhadores dos Correios fizeram um ato pela manh\u00e3 em frente ao edif\u00edcio sede da empresa;<\/p>\n<p>\u00a0<\/p>\n<p>Os Municipais realizaram \u00e0s 12h um debate sobre o PL 4330, no Espa\u00e7o do Servidor (Esplanada dos Minist\u00e9rios).<\/p>\n<p>\u00a0<\/p>\n<p>\u00c0s 13h, os trabalhadores da Educa\u00e7\u00e3o fizeram inauguraram o acampamento pela vota\u00e7\u00e3o do Plano Nacional de Educa\u00e7\u00e3o (PNE), montado em frente ao Senado Federal;<\/p>\n<p>\u00a0<\/p>\n<p>\u00a0<\/p>\n<p><strong>ESP\u00cdRITO SANTO<\/strong><\/p>\n<p>\u00a0<\/p>\n<p>Atos no centro da cidade. As passeatas pararam as entradas de Serra a Vit\u00f3ria, de Vila Velha a Vit\u00f3ria e Cariacica. Caminhada at\u00e9 a Federa\u00e7\u00e3o das Ind\u00fastrias \u2013 FINDES. Cerca de 3 mil pessoas participaram das manifesta\u00e7\u00f5es. O ato foi encerrado \u00e0s 13 horas.<\/p>\n<p>\u00a0<\/p>\n<p>\u00a0<\/p>\n<p><strong>GOI\u00c1S<\/strong><\/p>\n<p>\u00a0<\/p>\n<p>A concentra\u00e7\u00e3o aconteceu na Pra\u00e7a do Bandeirante, no Centro de Goi\u00e2nia, a partir das 9 horas. De l\u00e1, acompanhados de carros de som e distribuindo panfletos e adesivos contra Sandro Mabel, seguiu em passeata at\u00e9 a Pra\u00e7a C\u00edvica, onde fez uma manifesta\u00e7\u00e3o em frente ao Pal\u00e1cio Pedro Ludovico Teixeira, exigindo o cancelamento do decreto 7964, que o governador Marconi Perillo (PSDB) emitiu com medidas antiparalisa\u00e7\u00f5es.<\/p>\n<p>\u00a0<\/p>\n<p>Houve ato em frente ao Escrit\u00f3rio do Sandro Mabel (PMDB-GO), autor do PL 4330, da Terceiriza\u00e7\u00e3o, que a CUT luta para que seja derrotado no Congresso.<\/p>\n<p>\u00a0<\/p>\n<p>\u00a0<\/p>\n<p><strong>MARANH\u00c3O<\/strong><\/p>\n<p>\u00a0<\/p>\n<p>Paralisa\u00e7\u00e3o nos transportes durante todo o dia; Trabalhadores da Previd\u00eancia pararam a partir das 14 horas.<\/p>\n<p>\u00a0<\/p>\n<p>Pela manh\u00e3, paralisa\u00e7\u00e3o nos locais de trabalho em S\u00e3o Lu\u00eds e cidades do interior. \u00c0 tarde ato pol\u00edtico \u00e0s 15 horas, na Pra\u00e7a Teodoro.<\/p>\n<p>\u00a0<\/p>\n<p>Professores, transporte e banc\u00e1rios, entre outras, categorias, est\u00e3o mobilizadas.<\/p>\n<p>\u00a0<\/p>\n<p>\u00a0<\/p>\n<p><strong>MATO GROSSO<\/strong><\/p>\n<p>\u00a0<\/p>\n<p>Houve ato na Pra\u00e7a Ipiranga a partir das 7h30.<\/p>\n<p>\u00a0<\/p>\n<p>\u00a0<\/p>\n<p><strong>MATO GROSSO DO SUL<\/strong><\/p>\n<p>\u00a0<\/p>\n<p>Os Eletricit\u00e1rios de Mato Grosso do Sul realizaram \u00e0s 6h30 um ato em frente \u00e0 Enersul, empresa onde os trabalhadores s\u00e3o muito afetados pela terceiriza\u00e7\u00e3o.<\/p>\n<p>\u00a0<\/p>\n<p>\u00c0s 08 horas os Trabalhadores das Institui\u00e7\u00f5es Federais de Ensino Superior do MS fizeram ato na Universidade Federal de Mato Grosso do Sul, com forte cr\u00edtica \u00e0 EBSERH.<\/p>\n<p>\u00a0<\/p>\n<p>Por volta das 8h30, os professores realizaram uma panfletagem em frente \u00e0 Pra\u00e7a Ary Coelho, na Av. Afonso Pena.<\/p>\n<p>\u00a0<\/p>\n<p>Tamb\u00e9m pela manh\u00e3, os banc\u00e1rios fizeram um protesto na ag\u00eancia Banco do Brasil na Afonso Pena com 13 de Junho.<\/p>\n<p>\u00a0<\/p>\n<p>Durante todo o dia aconteceu a Plen\u00e1ria Estadual dos Trabalhadores em Seguridade Social (SINTSSMS) que abordou os temas: defesa do SUS, CPI estadual da Sa\u00fade e as terceiriza\u00e7\u00f5es.<\/p>\n<p>\u00a0<\/p>\n<p>\u00a0<\/p>\n<p><strong>MINAS GERAIS<\/strong><\/p>\n<p>\u00a0<\/p>\n<p>Ocupa\u00e7\u00e3o e fechamento por uma hora e meia da BR-381, Rodovia Fern\u00e3o Dias, no trevo da Fiat Autom\u00f3veis, em Betim, na Regi\u00e3o Metropolitana de Belo Horizonte. A marginal da rodovia sentido S\u00e3o Paulo tamb\u00e9m foi bloqueada por volta das 5 horas at\u00e9 as 7h30. O bloqueio atrasou a entrada para o turno e a sa\u00edda dos metal\u00fargicos da montadora.<\/p>\n<p>\u00a0<\/p>\n<p>Motoristas e cobradores paralisaram a partir das 5h da manh\u00e3. Houve manifesta\u00e7\u00e3o e fechamento das Esta\u00e7\u00f5es de \u00f4nibus do Barreiro e Diamante, em Belo Horizonte. Nenhum ve\u00edculo saiu do local, o que afeta aproximadamente 170 mil usu\u00e1rios que utilizam os dois locais diariamente.<\/p>\n<p>\u00a0<\/p>\n<p>Trabalhadores em educa\u00e7\u00e3o da rede estadual de Minas Gerais iniciaram na parte da manh\u00e3 um protesto na entrada principal do Pal\u00e1cio das Mangabeiras, em Belo Horizonte, resid\u00eancia oficial do Governador do Estado.<\/p>\n<p>\u00a0<\/p>\n<p>Em Juiz de Fora, ato na C\u00e2mara dos Vereadores.<\/p>\n<p>\u00a0<\/p>\n<p>\u00a0<\/p>\n<p><strong>PAR\u00c1<\/strong><\/p>\n<p>\u00a0<\/p>\n<p>Em Bel\u00e9m o ato reuniu cerca de mil manifestantes. Trabalhadores gr\u00e1ficos, urbanit\u00e1rios, banc\u00e1rios, metal\u00fargicos, m\u00e9dicos, hoteleiros, rurais, mototaxistas, estudantes, professores das redes estaduais, municipais e privados, rodovi\u00e1rios, aposentados, trabalhadores da sa\u00fade, trabalhadores do setor p\u00fablico agropecu\u00e1rio e fundi\u00e1rio, jornalistas, servidores do Detran, entre outros participaram das manifesta\u00e7\u00f5es.<\/p>\n<p>\u00a0<\/p>\n<p>Os banc\u00e1rios paralisaram o Banpar\u00e1 Matriz.<\/p>\n<p>\u00a0<\/p>\n<p>Houve ato em frente \u00e0 sede da TV liberal afiliada da Rede globo. Os manifestantes entoaram palavras de ordem como: \u201cDemocratize\/ Tenho direito de escolha\/\u201d. Tamb\u00e9m atearem fogo num caix\u00e3o simb\u00f3lico que representava a morte e decad\u00eancia dos meios de comunica\u00e7\u00e3o antidemocr\u00e1ticos.<\/p>\n<p>\u00a0<\/p>\n<p>\u00a0<\/p>\n<p><strong>PARA\u00cdBA<\/strong><\/p>\n<p>\u00a0<\/p>\n<p>Em Jo\u00e3o Pessoa, concentra\u00e7\u00e3o aconteceu na Pra\u00e7a em frente ao Pal\u00e1cio do Governo, Assembleia e Judici\u00e1rio (3 poderes). Em seguida, caminhada at\u00e9 a Lagoa, passando pela Delegacia Regional de Trabalho, Sistema Correios de Comunica\u00e7\u00e3o, Col\u00e9gio Central Liceu Paraibano. Ato Pol\u00edtico, no final da tarde na Lagoa.<\/p>\n<p>\u00a0<\/p>\n<p>Manifesta\u00e7\u00f5es tamb\u00e9m em Campina Grande.<\/p>\n<p>\u00a0<\/p>\n<p>\u00a0<\/p>\n<p><strong>PARAN\u00c1<\/strong><\/p>\n<p>\u00a0<\/p>\n<p>Paralisa\u00e7\u00e3o nas principais cidades do Estado: Londrina, Maring\u00e1, Ponta Grossa, Toledo, Francisco Beltr\u00e3o, Apucarana, Foz. Banc\u00e1rios realizaram manifesta\u00e7\u00f5es em Londrina.<\/p>\n<p>\u00a0<\/p>\n<p>As escolas pararam em todo o estado e os professores se juntaram aos protestos em Curitiba.<\/p>\n<p>\u00a0<\/p>\n<p>Trabalhadores\/as sa\u00edram em marcha da Pra\u00e7a Santos Andrade em dire\u00e7\u00e3o ao Pal\u00e1cio Igua\u00e7u, em Curitiba.<\/p>\n<p>\u00a0<\/p>\n<p>Ato Pol\u00edtico ocorreu \u00e0s 13 horas no Centro C\u00edvico, Sede do Governo Estadual. Houve ato em Frente \u00e0 FIEP (Av. C\u00e2ndido de Abreu).<\/p>\n<p>\u00a0<\/p>\n<p>Mais de 10 mil pessoas participaram dos atos em Curitiba. Outras milhares participaram das manifesta\u00e7\u00f5es nas demais cidades do estado.<\/p>\n<p>\u00a0<\/p>\n<p>Mobiliza\u00e7\u00e3o na Repar, com a participa\u00e7\u00e3o de trabalhadores pr\u00f3prios e terceirizados, que atrasaram a entrada do expediente e participaram do ato, que tamb\u00e9m teve a ades\u00e3o dos petroqu\u00edmicos da Fafen, da montagem e manuten\u00e7\u00e3o industrial e dos trabalhadores da Gelopar, f\u00e1brica de refrigeradores. O ato foi encerrado com uma grande marcha, com a participa\u00e7\u00e3o de aproximadamente 3.000 trabalhadores.<\/p>\n<p>\u00a0<\/p>\n<p>\u00a0<\/p>\n<p><strong>PERNAMBUCO<\/strong><\/p>\n<p>\u00a0<\/p>\n<p>Cinco dirigentes do sindicato dos Metal\u00fargicos de Pernambuco, filiado \u00e0 CUT, foram arbitrariamente presos pela PM ap\u00f3s protesto na BR 101. A PM tem reprimido severamente os movimentos sociais no estado.<\/p>\n<p>\u00a0<\/p>\n<p>\u00a0<\/p>\n<p><strong>PIAU\u00cd<\/strong><\/p>\n<p>\u00a0<\/p>\n<p>Paralisa\u00e7\u00e3o total dos Trabalhadores da Educa\u00e7\u00e3o e parcial de outras categorias. Ato \u00e0s 15h na Pra\u00e7a da Liberdade no centro de Teresina, ao lado da Igreja S\u00e3o Benedito.<\/p>\n<p>\u00a0<\/p>\n<p>\u00a0<\/p>\n<p><strong>RIO GRANDE DO NORTE<\/strong><\/p>\n<p>\u00a0<\/p>\n<p>Ato pela manh\u00e3 no Centro, reunindo diversas categorias. Os manifestantes seguiram em passeata at\u00e9 o Pal\u00e1cio do Governo e Assembleia Legislativa. Atos tamb\u00e9m em Mossor\u00f3 e em outras cidades.<\/p>\n<p>\u00a0<\/p>\n<p>\u00a0<\/p>\n<p><strong>RIO GRANDE DOS SUL<\/strong><\/p>\n<p>\u00a0<\/p>\n<p>Mobiliza\u00e7\u00e3o em diversas f\u00e1bricas: F\u00e1brica Beira Rio no Vale dos Sinos e bloqueio de estrada.<\/p>\n<p>\u00a0<\/p>\n<p>Metal\u00fargicos e Petroleiros de Canoas fizeram caminhada.<\/p>\n<p>\u00a0<\/p>\n<p>Paralisa\u00e7\u00e3o do transporte p\u00fablico, em Porto Alegre, Pelotas, Rio Grande. Os rodovi\u00e1rios lutam pelo PLS 271 (Estatuto do Rodovi\u00e1rio, que trata do risco de vida, jornada e aposentadoria especial).<\/p>\n<p>\u00a0<\/p>\n<p>As 11 horas foi realizado ato em frente \u00e0 Expointer, Esteio (pr\u00f3ximo a Porto Alegre).<\/p>\n<p>\u00a0<\/p>\n<p>\u00a0<\/p>\n<p><strong>RIO DE JANEIRO<\/strong><\/p>\n<p>\u00a0<\/p>\n<p>Ato e panfletagem na Central do Brasil a partir das 15 horas. Trabalhadores de diversas categorias participaram do ato: metal\u00fargicos, trabalhadores da constru\u00e7\u00e3o civil, vidreiros, moedeiros, servidores p\u00fablicos federais, garis, trabalhadores em sa\u00fade, enfermeiros, manicures, professores, trabalhadores no setor de alimenta\u00e7\u00e3o, servidores da UFRJ, qu\u00edmicos, engenheiros, banc\u00e1rios, trabalhadores em telecomunica\u00e7\u00f5es, petroleiros, servidores das for\u00e7as armadas, funcion\u00e1rios em transportes aquavi\u00e1rios, jornalistas, radialistas e eletricit\u00e1rios, al\u00e9m de movimentos sociais, como o MST.<\/p>\n<p>\u00a0<\/p>\n<p>\u00a0<\/p>\n<p><strong>RORAIMA<\/strong><\/p>\n<p>\u00a0<\/p>\n<p>Realizadas a\u00e7\u00f5es contra o PL 4330:<\/p>\n<p>\u00a0<\/p>\n<p>&#8211; Publica\u00e7\u00e3o de uma nota (inser\u00e7\u00e3o) na emissora TV Roraima hoje em hor\u00e1rio nobre;<\/p>\n<p>\u00a0<\/p>\n<p>&#8211; Panfletagem em \u00f3rg\u00e3os p\u00fablicos, empresas, entidades, na Assembleia legislativa e outros locais;<\/p>\n<p>\u00a0<\/p>\n<p>&#8211; Publica\u00e7\u00e3o de nota no jornal impresso;<\/p>\n<p>\u00a0<\/p>\n<p>&#8211; Reenvio aos parlamentares de carta aberta.<\/p>\n<p>\u00a0<\/p>\n<p>\u00a0<\/p>\n<p><strong>S\u00c3O PAULO<\/strong><\/p>\n<p>\u00a0<\/p>\n<p>\u00a0<\/p>\n<p><strong>Capital<\/strong><\/p>\n<p>\u00a0<\/p>\n<p>Metal\u00fargicos e professores se concentraram na Pra\u00e7a da Rep\u00fablica a partir das 11h e das 13h, e seguiram em caminhada para ato \u00e0s 15h no v\u00e3o livre do MASP, na AV. Paulista, na capital, onde os Banc\u00e1rios j\u00e1 est\u00e3o concentrados.<\/p>\n<p>\u00a0<\/p>\n<p>Tamb\u00e9m foi realizado um ato em frente ao Instituto Nacional do Seguro Social (INSS), no centro de s\u00e3o Paulo. Os aposentados seguiram para o v\u00e3o livre do MASP para a manifesta\u00e7\u00e3o das 15h.<\/p>\n<p>\u00a0<\/p>\n<p>\u00a0<\/p>\n<p><strong>Campinas<\/strong><\/p>\n<p>\u00a0<\/p>\n<p>Eletricit\u00e1rios do Sinergia CUT, Urbanit\u00e1rios da FTUESP e banc\u00e1rios fizeram paralisa\u00e7\u00f5es.<\/p>\n<p>\u00a0<\/p>\n<p>\u00a0<\/p>\n<p><strong>Santos<\/strong><\/p>\n<p>\u00a0<\/p>\n<p>Houve paralisa\u00e7\u00e3o de uma faixa na Avenida da Praia Santos x S\u00e3o Vicente.<\/p>\n<p>\u00a0<\/p>\n<p>\u00a0<\/p>\n<p><strong>SANTA CATARINA<\/strong><\/p>\n<p>\u00a0<\/p>\n<p>Mobiliza\u00e7\u00f5es realizadas nas regionais Norte, Oeste e Meio Oeste, Florian\u00f3polis, Sul.<\/p>\n<p>\u00a0<\/p>\n<p>Em Florian\u00f3polis houve mobiliza\u00e7\u00e3o na Pra\u00e7a Tancredo Neves na parte da tarde. Fechamento de \u00f3rg\u00e3os p\u00fablicos, inclusive o INSS. Foi fechado o Banco Santander at\u00e9 meio-dia.<\/p>\n<p>\u00a0<\/p>\n<p>Em Ca\u00e7ador, mobiliza\u00e7\u00e3o nos locais de trabalho.<\/p>\n<p>\u00a0<\/p>\n<p>Em Chapec\u00f3, os agricultores familiares realizaram paralisa\u00e7\u00f5es a partir das 10 da manh\u00e3.<\/p>\n<p>\u00a0<\/p>\n<p>\u00a0<\/p>\n<p><strong>SERGIPE<\/strong><\/p>\n<p>\u00a0<\/p>\n<p>Ato na Pra\u00e7a Fausto Cardoso \u00e1s 14h. Paralisa\u00e7\u00e3o dos trabalhadores da Educa\u00e7\u00e3o e Banc\u00e1rios.<\/p>\n<p>\u00a0<\/p>\n<p>\u00a0<\/p>\n<p><strong>TOCANTINS<\/strong><\/p>\n<p>\u00a0<\/p>\n<p>Mobiliza\u00e7\u00f5es em Palmas, Gurupi e Araguaina. As principais avenidas foram paradas e um dirigente foi preso.<\/p>\n<p>\u00a0<\/p>\n<p>Ato P\u00fablico a partir das 16 horas, com paralisa\u00e7\u00e3o das vias.<\/p>\n<p>\u00a0<\/p>\n<p>\u00a0<\/p>\n<p><strong>PETROLEIROS<\/strong><\/p>\n<p>\u00a0<\/p>\n<p>Manifesta\u00e7\u00e3o nas bases de Pernambuco, Bahia, Minas Gerais, Duque de Caxias, S\u00e3o Paulo, Paran\u00e1\/Santa Catarina e Rio Grande do Sul, os trabalhadores pr\u00f3prios e terceirizados dos terminais, refinarias e unidades administrativas da Petrobr\u00e1s aderiram \u00e0s mobiliza\u00e7\u00f5es, atrasando duas horas a entrada do expediente e participando dos atos realizados pelos sindicatos.<\/p>\n<p>\u00a0<\/p>\n<p>\u00a0<\/p>\n<p><strong>CONFIRA COBERTURA COMPLETA DAS MANIFESTA\u00c7\u00d5ES NA TVT<\/strong><\/p>\n<p>\u00a0<\/p>\n<p>O Seu Jornal de hoje, da TVT \u2013 TV dos Trabalhadores, trar\u00e1 reportagem especial das manifesta\u00e7\u00f5es de 30 de agosto.<\/p>\n<p>\u00a0<\/p>\n<p>O seu jornal vai ar a partir das 19h.<\/p>\n<p>\u00a0<\/p>\n<p>www.tvt.org.br<\/p>\n<p>\u00a0<\/p>\n<p>\u00a0<\/p>\n<p><strong>Canal 13 NET<\/strong>\u00a0&#8211; S\u00e3o Paulo, ABCDM, Guarulhos e Mogi das Cruzes<\/p>\n","protected":false},"excerpt":{"rendered":"<p>CUT Nacional \u00a0 A CUT e as demais centrais sindicais realizaram nesta sexta-feira (30) o Dia Nacional de Mobiliza\u00e7\u00e3o e Paralisa\u00e7\u00e3o, com participa\u00e7\u00e3o expressiva dos banc\u00e1rios. Em v\u00e1rias cidades do pa\u00eds, diversas categorias e ramos se mobilizarams para pressionar o Executivo e o Legislativo para que votem a favor das pautas de interesse da classe [&hellip;]<\/p>\n","protected":false},"author":1,"featured_media":0,"comment_status":"","ping_status":"","sticky":false,"template":"","format":"standard","meta":{"footnotes":""},"categories":[3],"tags":[],"class_list":["post-1447","post","type-post","status-publish","format-standard","hentry","category-noticias"],"_links":{"self":[{"href":"https:\/\/hostnetart.com.br\/baixada\/wp-json\/wp\/v2\/posts\/1447","targetHints":{"allow":["GET"]}}],"collection":[{"href":"https:\/\/hostnetart.com.br\/baixada\/wp-json\/wp\/v2\/posts"}],"about":[{"href":"https:\/\/hostnetart.com.br\/baixada\/wp-json\/wp\/v2\/types\/post"}],"author":[{"embeddable":true,"href":"https:\/\/hostnetart.com.br\/baixada\/wp-json\/wp\/v2\/users\/1"}],"replies":[{"embeddable":true,"href":"https:\/\/hostnetart.com.br\/baixada\/wp-json\/wp\/v2\/comments?post=1447"}],"version-history":[{"count":0,"href":"https:\/\/hostnetart.com.br\/baixada\/wp-json\/wp\/v2\/posts\/1447\/revisions"}],"wp:attachment":[{"href":"https:\/\/hostnetart.com.br\/baixada\/wp-json\/wp\/v2\/media?parent=1447"}],"wp:term":[{"taxonomy":"category","embeddable":true,"href":"https:\/\/hostnetart.com.br\/baixada\/wp-json\/wp\/v2\/categories?post=1447"},{"taxonomy":"post_tag","embeddable":true,"href":"https:\/\/hostnetart.com.br\/baixada\/wp-json\/wp\/v2\/tags?post=1447"}],"curies":[{"name":"wp","href":"https:\/\/api.w.org\/{rel}","templated":true}]}}