{"id":14469,"date":"2023-08-28T21:52:32","date_gmt":"2023-08-29T00:52:32","guid":{"rendered":"https:\/\/hostnetart.com.br\/baixada\/eleicao-santanderprevi-comeca-nesta-segunda-feira\/"},"modified":"2023-08-28T21:52:32","modified_gmt":"2023-08-29T00:52:32","slug":"eleicao-santanderprevi-comeca-nesta-segunda-feira","status":"publish","type":"post","link":"https:\/\/hostnetart.com.br\/baixada\/eleicao-santanderprevi-comeca-nesta-segunda-feira\/","title":{"rendered":"Elei\u00e7\u00e3o SantanderPrevi come\u00e7a nesta segunda-feira"},"content":{"rendered":"<div class=\"elementor-element elementor-element-194680ec elementor-widget elementor-widget-theme-post-content\" data-id=\"194680ec\" data-element_type=\"widget\" data-widget_type=\"theme-post-content.default\">\n<div class=\"elementor-widget-container\">\n<p>Come\u00e7a nesta segunda-feira (28) a elei\u00e7\u00e3o dos representantes para os conselhos Deliberativo e Fiscal do SantanderPrevi. A Contraf-CUT, a Afubesp, o Sindicato dos Banc\u00e1rios de S\u00e3o Paulo, a Fetec-SP e a Feeb SP\/MS apoiam Patr\u00edcia Bassanin para o Conselho Deliberativo e Wanessa Queiroz para o Conselho Fiscal.<\/p>\n<p>As duas candidatas t\u00eam o compromisso de defender os interesses dos participantes, e n\u00e3o do Santander. \u201cEm um eventual conflito de interesses, \u00e9 muito prov\u00e1vel que o voto de um conselheiro indicado pelo Santander seja em sintonia com os interesses do banco, e n\u00e3o com o dos participantes. Logo, eleger representantes que visem mais transpar\u00eancia na gest\u00e3o dos recursos \u00e9 fundamental para a gest\u00e3o dos planos\u201d, alerta Wanessa.<\/p>\n<p>Outro ponto de aten\u00e7\u00e3o \u00e9 que h\u00e1 candidatos apoiados pelo banco nos dois cargos, ent\u00e3o h\u00e1 o perigo de que o fundo seja administrado em sua totalidade pela patrocinadora. Ter voz dentro da SantanderPrevi \u00e9 essencial. Mesmo se voc\u00ea for aposentado ou aposentada, repasse a mensagem aos colegas da ativa.<\/p>\n<h3>Como votar<\/h3>\n<p>Acompanhe abaixo um v\u00eddeo tutorial de como o trabalhador pode efetuar seu voto de forma simples. Acesse o site <a href=\"http:\/\/www.santanderprevi.com.br\/\" target=\"_blank\" rel=\"noopener noreferrer\">www.santanderprevi.com.br<\/a> e crie o usu\u00e1rio e senha.<\/p>\n<h3>Propostas<\/h3>\n<ul>\n<li>Lutar pela concess\u00e3o de linhas de cr\u00e9dito aos participantes;<\/li>\n<li>Lutar por elei\u00e7\u00e3o de suplentes;<\/li>\n<li>Atuar contra a interfer\u00eancia da patrocinadora na entidade;<\/li>\n<li>Trabalhar pela implanta\u00e7\u00e3o de um Comit\u00ea de Investimentos;<\/li>\n<li>Dar mais transpar\u00eancia ao plano.<\/li>\n<li>E o principal: Lutar pela reabertura do plano a novos participantes<\/li>\n<\/ul>\n<h3>Para o Conselho Fiscal, vote Wanessa Queiroz<\/h3>\n<p>Formada em Administra\u00e7\u00e3o de Empresas com \u00eanfase em finan\u00e7as corporativas na Fecap. \u00c9 dirigente executiva da Fetec-SP, atua como gerente de neg\u00f3cios no Santander (ESPEC CLIENTES NEG SERV II) h\u00e1 16 anos no banco. \u00c9 conselheira deliberativa da Anapar e possui p\u00f3s-gradua\u00e7\u00e3o em Economia do Trabalho na Unicamp. Coordenadora da Comiss\u00e3o de Organiza\u00e7\u00e3o dos Empregados do Santander.<\/p>\n<h3>Para o Conselho Deliberativo, vote Patr\u00edcia Bassanin<\/h3>\n<p>Ingressou em 1991 no banco Am\u00e9rica do Sul, adquirido pelo Sudameris, depois Banco Real e Santander, ocupando os cargos de escritur\u00e1ria e assistente comercial. Entrou no meio sindical em 1996, atuando por duas gest\u00f5es como conselheira fiscal do Sindicato dos Banc\u00e1rios de Campinas e Regi\u00e3o. \u00c9 atualmente diretora Financeira do Sindicato dos Banc\u00e1rios de Campinas e Regi\u00e3o e j\u00e1 foi diretora de patrim\u00f4nio da entidade. Graduada em Educa\u00e7\u00e3o F\u00edsica pela PUC Campinas. Possui curso de Extens\u00e3o em Pol\u00edticas P\u00fablicas de Emprego ministrado pelo Instituto de Economia da Unicamp.<\/p>\n<h3><b>Fonte: Contraf-CUT<\/b><\/h3>\n<\/div>\n<\/div>\n","protected":false},"excerpt":{"rendered":"<p>Come\u00e7a nesta segunda-feira (28) a elei\u00e7\u00e3o dos representantes para os conselhos Deliberativo e Fiscal do SantanderPrevi. A Contraf-CUT, a Afubesp, o Sindicato dos Banc\u00e1rios de S\u00e3o Paulo, a Fetec-SP e a Feeb SP\/MS apoiam Patr\u00edcia Bassanin para o Conselho Deliberativo e Wanessa Queiroz para o Conselho Fiscal. As duas candidatas t\u00eam o compromisso de defender [&hellip;]<\/p>\n","protected":false},"author":2,"featured_media":14468,"comment_status":"","ping_status":"","sticky":false,"template":"","format":"standard","meta":{"footnotes":""},"categories":[3],"tags":[],"class_list":["post-14469","post","type-post","status-publish","format-standard","has-post-thumbnail","hentry","category-noticias"],"_links":{"self":[{"href":"https:\/\/hostnetart.com.br\/baixada\/wp-json\/wp\/v2\/posts\/14469","targetHints":{"allow":["GET"]}}],"collection":[{"href":"https:\/\/hostnetart.com.br\/baixada\/wp-json\/wp\/v2\/posts"}],"about":[{"href":"https:\/\/hostnetart.com.br\/baixada\/wp-json\/wp\/v2\/types\/post"}],"author":[{"embeddable":true,"href":"https:\/\/hostnetart.com.br\/baixada\/wp-json\/wp\/v2\/users\/2"}],"replies":[{"embeddable":true,"href":"https:\/\/hostnetart.com.br\/baixada\/wp-json\/wp\/v2\/comments?post=14469"}],"version-history":[{"count":0,"href":"https:\/\/hostnetart.com.br\/baixada\/wp-json\/wp\/v2\/posts\/14469\/revisions"}],"wp:featuredmedia":[{"embeddable":true,"href":"https:\/\/hostnetart.com.br\/baixada\/wp-json\/wp\/v2\/media\/14468"}],"wp:attachment":[{"href":"https:\/\/hostnetart.com.br\/baixada\/wp-json\/wp\/v2\/media?parent=14469"}],"wp:term":[{"taxonomy":"category","embeddable":true,"href":"https:\/\/hostnetart.com.br\/baixada\/wp-json\/wp\/v2\/categories?post=14469"},{"taxonomy":"post_tag","embeddable":true,"href":"https:\/\/hostnetart.com.br\/baixada\/wp-json\/wp\/v2\/tags?post=14469"}],"curies":[{"name":"wp","href":"https:\/\/api.w.org\/{rel}","templated":true}]}}