{"id":14467,"date":"2023-08-25T22:21:40","date_gmt":"2023-08-26T01:21:40","guid":{"rendered":"https:\/\/hostnetart.com.br\/baixada\/contraf-cut-lanca-concurso-de-cronicas-sobre-os-40-anos-da-cut\/"},"modified":"2023-08-25T22:21:40","modified_gmt":"2023-08-26T01:21:40","slug":"contraf-cut-lanca-concurso-de-cronicas-sobre-os-40-anos-da-cut","status":"publish","type":"post","link":"https:\/\/hostnetart.com.br\/baixada\/contraf-cut-lanca-concurso-de-cronicas-sobre-os-40-anos-da-cut\/","title":{"rendered":"Contraf-CUT lan\u00e7a concurso de cr\u00f4nicas sobre os 40 anos da CUT"},"content":{"rendered":"<p>A Confedera\u00e7\u00e3o Nacional dos Trabalhadores do Ramo Financeiro (Contraf-CUT) lan\u00e7a na pr\u00f3xima segunda-feira (28) o Concurso de Cr\u00f4nicas CUT 40 anos. O tema deve ser voltado \u00e0 hist\u00f3ria dos 40 anos de exist\u00eancia da Central \u00danica dos Trabalhadores (CUT), com relatos que tenham pertin\u00eancia com a trajet\u00f3ria da Central, objetivando resgatar atrav\u00e9s de relatos pessoais uma parte da luta da categoria banc\u00e1ria junto a CUT.<\/p>\n<p>Para participar, o concorrente tem de ser dirigente, funcion\u00e1rio ou jornalista de entidade sindical parceira da Contraf-CUT. Se aposentado ou militante, a entidade deve enviar a comprova\u00e7\u00e3o de v\u00ednculo ou origem.<\/p>\n<p>O participante dever\u00e1 enviar entre segunda-feira e o dia 20 de setembro uma cr\u00f4nica de sua autoria, cujo texto ainda n\u00e3o tenha sido premiado ou publicado em qualquer meio de comunica\u00e7\u00e3o, para o e-mail cultura@contrafcut.org.br, com o nome completo, CPF, RG e entidade sindical a qual \u00e9 filiado.<\/p>\n<h3>O que \u00e9 a cr\u00f4nica<\/h3>\n<p>Nesta sexta-feira (25), o portal da Contraf-CUT publicar\u00e1 duas mat\u00e9rias espec\u00edficas sobre o estilo do texto cr\u00f4nica, com sua hist\u00f3ria, caracter\u00edsticas e os principais cronistas do Brasil, para orientar quem deseja participar do concurso.<\/p>\n<h3>Crit\u00e9rios para avalia\u00e7\u00e3o<\/h3>\n<p>Os crit\u00e9rios para avalia\u00e7\u00e3o das obras inscritas ser\u00e3o originalidade e autenticidade. A narrativa poder\u00e1 estar em primeira ou terceira pessoa. A cr\u00f4nica dever\u00e1 ser apresentada, obrigatoriamente, em um arquivo em formato PDF, escrito em l\u00edngua portuguesa, digitado em espa\u00e7o 1,5, com fonte Arial, no tamanho 12. A cr\u00f4nica inscrita dever\u00e1 ter de tr\u00eas a quatro mil toques, incluindo espa\u00e7os, de tamanho m\u00ednimo e m\u00e1ximo. A inscri\u00e7\u00e3o \u00e9 individual. O arquivo da cr\u00f4nica, anexado no e-mail, n\u00e3o poder\u00e1 conter o nome do autor na obra. <a href=\"https:\/\/contrafcut.com.br\/wp-content\/uploads\/2023\/08\/regulamento-concurso-de-cronicas-2.pdf\" target=\"_blank\" rel=\"noopener noreferrer\">Leia aqui o regulamento completo<\/a>.<\/p>\n<h3>Premia\u00e7\u00e3o<\/h3>\n<p>O concurso ir\u00e1 premiar os tr\u00eas primeiros colocados. O vencedor vai levar um E-book e um voucher de R$400,00. O segundo e o terceiro ganhar\u00e3o um voucher de R$300,00.<\/p>\n<h3>Comiss\u00e3o julgadora<\/h3>\n<p>A comiss\u00e3o ser\u00e1 composta por tr\u00eas pessoas: um jornalista, uma professora de l\u00edngua portuguesa e um dirigente sindical com vasta trajet\u00f3ria de luta.<\/p>\n<p><b>Fonte: Contraf-CUT<\/b><\/p>\n","protected":false},"excerpt":{"rendered":"<p>A Confedera\u00e7\u00e3o Nacional dos Trabalhadores do Ramo Financeiro (Contraf-CUT) lan\u00e7a na pr\u00f3xima segunda-feira (28) o Concurso de Cr\u00f4nicas CUT 40 anos. O tema deve ser voltado \u00e0 hist\u00f3ria dos 40 anos de exist\u00eancia da Central \u00danica dos Trabalhadores (CUT), com relatos que tenham pertin\u00eancia com a trajet\u00f3ria da Central, objetivando resgatar atrav\u00e9s de relatos pessoais [&hellip;]<\/p>\n","protected":false},"author":2,"featured_media":14466,"comment_status":"","ping_status":"","sticky":false,"template":"","format":"standard","meta":{"footnotes":""},"categories":[3],"tags":[],"class_list":["post-14467","post","type-post","status-publish","format-standard","has-post-thumbnail","hentry","category-noticias"],"_links":{"self":[{"href":"https:\/\/hostnetart.com.br\/baixada\/wp-json\/wp\/v2\/posts\/14467","targetHints":{"allow":["GET"]}}],"collection":[{"href":"https:\/\/hostnetart.com.br\/baixada\/wp-json\/wp\/v2\/posts"}],"about":[{"href":"https:\/\/hostnetart.com.br\/baixada\/wp-json\/wp\/v2\/types\/post"}],"author":[{"embeddable":true,"href":"https:\/\/hostnetart.com.br\/baixada\/wp-json\/wp\/v2\/users\/2"}],"replies":[{"embeddable":true,"href":"https:\/\/hostnetart.com.br\/baixada\/wp-json\/wp\/v2\/comments?post=14467"}],"version-history":[{"count":0,"href":"https:\/\/hostnetart.com.br\/baixada\/wp-json\/wp\/v2\/posts\/14467\/revisions"}],"wp:featuredmedia":[{"embeddable":true,"href":"https:\/\/hostnetart.com.br\/baixada\/wp-json\/wp\/v2\/media\/14466"}],"wp:attachment":[{"href":"https:\/\/hostnetart.com.br\/baixada\/wp-json\/wp\/v2\/media?parent=14467"}],"wp:term":[{"taxonomy":"category","embeddable":true,"href":"https:\/\/hostnetart.com.br\/baixada\/wp-json\/wp\/v2\/categories?post=14467"},{"taxonomy":"post_tag","embeddable":true,"href":"https:\/\/hostnetart.com.br\/baixada\/wp-json\/wp\/v2\/tags?post=14467"}],"curies":[{"name":"wp","href":"https:\/\/api.w.org\/{rel}","templated":true}]}}