{"id":14465,"date":"2023-08-25T22:20:50","date_gmt":"2023-08-26T01:20:50","guid":{"rendered":"https:\/\/hostnetart.com.br\/baixada\/nova-turma-segue-o-curso-de-analise-de-conjuntura\/"},"modified":"2023-08-25T22:20:50","modified_gmt":"2023-08-26T01:20:50","slug":"nova-turma-segue-o-curso-de-analise-de-conjuntura","status":"publish","type":"post","link":"https:\/\/hostnetart.com.br\/baixada\/nova-turma-segue-o-curso-de-analise-de-conjuntura\/","title":{"rendered":"Nova turma segue o curso de an\u00e1lise de conjuntura"},"content":{"rendered":"<p>O curso Como Fazer Uma An\u00e1lise de Conjuntura reuniu, na \u00faltima quinta-feira (24), dirigentes sindicais banc\u00e1rios de diferentes regi\u00f5es do Brasil. A atividade online faz parte do programa de forma\u00e7\u00e3o sindical da Confedera\u00e7\u00e3o Nacional dos Trabalhadores do Ramo Financeiro (Contraf-CUT).<\/p>\n<p>O evento teve a coordena\u00e7\u00e3o da economista do Departamento Intersindical de Estat\u00edstica e Estudos Socioecon\u00f4micos (Dieese), Regina Camargos. A aula teve como objetivo aprimorar a habilidade anal\u00edtica e de compreens\u00e3o do contexto pol\u00edtico, econ\u00f4mico e social dos participantes.<\/p>\n<p>A principal atividade foi o desenvolvimento de uma an\u00e1lise do processo de reforma tribut\u00e1ria, proposta do governo federal, atualmente em debate no Congresso Nacional. Para isso, foram levadas em conta as grandes quest\u00f5es envolvidas no tema, os atores sociais a ele relacionados, os acontecimentos relevantes que influenciam o seu debate e em qual o cen\u00e1rio econ\u00f4mico, social e pol\u00edtico ele se d\u00e1.<\/p>\n<p>Os participantes tamb\u00e9m trabalharam com t\u00f3picos como identifica\u00e7\u00e3o de tend\u00eancias, interpreta\u00e7\u00e3o de dados econ\u00f4micos e pol\u00edticos, al\u00e9m de instrumentos para a compreens\u00e3o dos fatores que moldam o ambiente no qual as atividades sindicais est\u00e3o inseridas.<\/p>\n<p>Para o secret\u00e1rio de Forma\u00e7\u00e3o da Contraf-CUT, Rafael Zanon, \u201ca participa\u00e7\u00e3o diversificada \u00e9 sempre um ponto forte desse curso, com dirigentes sindicais banc\u00e1rios representando as federa\u00e7\u00f5es do Nordeste, Centro-Norte e Paran\u00e1. Esse alcance geogr\u00e1fico contribuiu para uma troca rica de perspectivas e experi\u00eancias\u201d.<\/p>\n<p><strong>Fonte: Contraf-CUT<\/strong><\/p>\n","protected":false},"excerpt":{"rendered":"<p>O curso Como Fazer Uma An\u00e1lise de Conjuntura reuniu, na \u00faltima quinta-feira (24), dirigentes sindicais banc\u00e1rios de diferentes regi\u00f5es do Brasil. A atividade online faz parte do programa de forma\u00e7\u00e3o sindical da Confedera\u00e7\u00e3o Nacional dos Trabalhadores do Ramo Financeiro (Contraf-CUT). O evento teve a coordena\u00e7\u00e3o da economista do Departamento Intersindical de Estat\u00edstica e Estudos Socioecon\u00f4micos [&hellip;]<\/p>\n","protected":false},"author":2,"featured_media":14464,"comment_status":"","ping_status":"","sticky":false,"template":"","format":"standard","meta":{"footnotes":""},"categories":[3],"tags":[],"class_list":["post-14465","post","type-post","status-publish","format-standard","has-post-thumbnail","hentry","category-noticias"],"_links":{"self":[{"href":"https:\/\/hostnetart.com.br\/baixada\/wp-json\/wp\/v2\/posts\/14465","targetHints":{"allow":["GET"]}}],"collection":[{"href":"https:\/\/hostnetart.com.br\/baixada\/wp-json\/wp\/v2\/posts"}],"about":[{"href":"https:\/\/hostnetart.com.br\/baixada\/wp-json\/wp\/v2\/types\/post"}],"author":[{"embeddable":true,"href":"https:\/\/hostnetart.com.br\/baixada\/wp-json\/wp\/v2\/users\/2"}],"replies":[{"embeddable":true,"href":"https:\/\/hostnetart.com.br\/baixada\/wp-json\/wp\/v2\/comments?post=14465"}],"version-history":[{"count":0,"href":"https:\/\/hostnetart.com.br\/baixada\/wp-json\/wp\/v2\/posts\/14465\/revisions"}],"wp:featuredmedia":[{"embeddable":true,"href":"https:\/\/hostnetart.com.br\/baixada\/wp-json\/wp\/v2\/media\/14464"}],"wp:attachment":[{"href":"https:\/\/hostnetart.com.br\/baixada\/wp-json\/wp\/v2\/media?parent=14465"}],"wp:term":[{"taxonomy":"category","embeddable":true,"href":"https:\/\/hostnetart.com.br\/baixada\/wp-json\/wp\/v2\/categories?post=14465"},{"taxonomy":"post_tag","embeddable":true,"href":"https:\/\/hostnetart.com.br\/baixada\/wp-json\/wp\/v2\/tags?post=14465"}],"curies":[{"name":"wp","href":"https:\/\/api.w.org\/{rel}","templated":true}]}}