{"id":14461,"date":"2023-08-24T20:48:17","date_gmt":"2023-08-24T23:48:17","guid":{"rendered":"https:\/\/hostnetart.com.br\/baixada\/comites-de-luta-fazem-novo-mutirao-contra-juros-altos\/"},"modified":"2023-08-24T20:48:17","modified_gmt":"2023-08-24T23:48:17","slug":"comites-de-luta-fazem-novo-mutirao-contra-juros-altos","status":"publish","type":"post","link":"https:\/\/hostnetart.com.br\/baixada\/comites-de-luta-fazem-novo-mutirao-contra-juros-altos\/","title":{"rendered":"Comit\u00eas de Luta fazem novo mutir\u00e3o contra juros altos"},"content":{"rendered":"<p>Os Comit\u00eas Populares de Luta realizam um novo Mutir\u00e3o Contra os Juros, com a\u00e7\u00f5es de sexta-feira (25) at\u00e9 domingo (27). A mobiliza\u00e7\u00e3o tem objetivo de manter a press\u00e3o sobre o Banco Central (BC), presidido por Roberto Campos Neto, para baixar a taxa b\u00e1sica de juros Selic, hoje em 13,25% ao ano.<\/p>\n<p>O vice-presidente da Confedera\u00e7\u00e3o Nacional dos Trabalhadores do Ramos Financeiro (Contraf-CUT), Vin\u00edcius Assump\u00e7\u00e3o, coordenador dos Comit\u00eas de Luta dos Banc\u00e1rios, informa que \u201ca categoria estar\u00e1 mobilizada com a for\u00e7a de sempre, para defender a queda dos juros, pois \u00e9 isso que Brasil precisa e exige\u201d.<\/p>\n<p>O dirigente observa que \u201ca redu\u00e7\u00e3o dos juros de 0,5 ponto percentual no in\u00edcio do m\u00eas foi importante e ocorreu pela press\u00e3o dos trabalhadores e da sociedade em geral, mas foi pouco, precisa baixar mais para que o Brasil retome o rumo do crescimento, para gerar emprego e renda\u201d.<\/p>\n<div class=\"wp-block-image\">\n<figure class=\"alignleft size-large is-resized\"><img fetchpriority=\"high\" decoding=\"async\" class=\"wp-image-305527\" src=\"https:\/\/contrafcut.com.br\/wp-content\/uploads\/2023\/08\/mutirao-25-a-27-agosto-tag.jpeg\" sizes=\"(max-width: 510px) 100vw, 510px\" srcset=\"https:\/\/contrafcut.com.br\/wp-content\/uploads\/2023\/08\/mutirao-25-a-27-agosto-tag.jpeg 1080w, https:\/\/contrafcut.com.br\/wp-content\/uploads\/2023\/08\/mutirao-25-a-27-agosto-tag-230x230.jpeg 230w, https:\/\/contrafcut.com.br\/wp-content\/uploads\/2023\/08\/mutirao-25-a-27-agosto-tag-768x768.jpeg 768w\" alt=\"\" width=\"510\" height=\"510\" data-cfsrc=\"https:\/\/contrafcut.com.br\/wp-content\/uploads\/2023\/08\/mutirao-25-a-27-agosto-tag.jpeg\" \/><\/figure>\n<\/div>\n<p>\u00a0<\/p>\n<p><strong>Mobiliza\u00e7\u00e3o dos banc\u00e1rios<\/strong><\/p>\n<p>Vin\u00edcius lembra da import\u00e2ncia da participa\u00e7\u00e3o dos banc\u00e1rios no movimento. \u201cA categoria banc\u00e1ria \u00e9 muito organizada em todo o pa\u00eds. N\u00e3o vamos silenciar enquanto o presidente do BC n\u00e3o atender \u00e0 demanda dos trabalhadores, que \u00e9 pelo bem da economia brasileira. Caso contr\u00e1rio, deve deixar o cargo\u201d.<\/p>\n<p>Os banc\u00e1rios t\u00eam participado ativamente das mobiliza\u00e7\u00f5es dos trabalhadores pela redu\u00e7\u00e3o dos juros no Brasil. Durante as reuni\u00f5es do Copom, o comit\u00ea do BC que decide o \u00edndice da Selic, a categoria participa dos atos, realizados em frente a todas as 10 sedes do BC espalhadas pelo pa\u00eds e em locais de grande circula\u00e7\u00e3o das grandes cidades. \u201cPor estar presente em praticamente todas as localidades do pa\u00eds e por sua capacidade de mobiliza\u00e7\u00e3o, a categoria banc\u00e1ria tem papel fundamental nessa luta\u201d, concluiu Vin\u00edcius.<\/p>\n<p><strong>Retomar o crescimento<\/strong><\/p>\n<p>Para a presidenta da Contraf-CUT, Juvandia Moreira, \u201cos juros nos patamares atuais aumentam a d\u00edvida p\u00fablica, pois elevam os gastos do governo com os t\u00edtulos da d\u00edvida p\u00fablica, e esse dinheiro poderia ser usado para investimento na infraestrutura do pa\u00eds, sa\u00fade e educa\u00e7\u00e3o, setores necess\u00e1rios \u00e0 popula\u00e7\u00e3o e que estimulam a atividade produtiva\u201d.<\/p>\n<p>\u201cOs juros altos tamb\u00e9m deixam o cr\u00e9dito e o financiamento mais caros, o que aprofunda o endividamento das fam\u00edlias, que acabam consumindo menos. Consumo baixo reduz a produ\u00e7\u00e3o, porque as empresas n\u00e3o vendem, e se n\u00e3o vendem, demitem. Os juros precisam cair mais, para que a economia possa avan\u00e7ar\u201d, defende Juvandia, que tamb\u00e9m \u00e9 vice-presidenta da Central \u00danica dos Trabalhadores (CUT). \u201cJuro t\u00e3o elevado assim \u00e9 um claro boicote ao Brasil, que precisa retomar o crescimento e a justi\u00e7a social\u201d, completa a dirigente.<\/p>\n<p>Acesse aqui a\u00a0<a href=\"https:\/\/issuu.com\/contrafcut\/docs\/issu_cartilha_com_qrcode?utm_medium=referral&amp;utm_source=contrafcut.com.br\" target=\"_blank\" rel=\"noopener noreferrer\">Cartilha dos Comit\u00eas de Luta dos Banc\u00e1rios<\/a>.<\/p>\n<p><strong>Fonte: Contraf-CUT<\/strong><\/p>\n","protected":false},"excerpt":{"rendered":"<p>Os Comit\u00eas Populares de Luta realizam um novo Mutir\u00e3o Contra os Juros, com a\u00e7\u00f5es de sexta-feira (25) at\u00e9 domingo (27). A mobiliza\u00e7\u00e3o tem objetivo de manter a press\u00e3o sobre o Banco Central (BC), presidido por Roberto Campos Neto, para baixar a taxa b\u00e1sica de juros Selic, hoje em 13,25% ao ano. O vice-presidente da Confedera\u00e7\u00e3o [&hellip;]<\/p>\n","protected":false},"author":2,"featured_media":14460,"comment_status":"","ping_status":"","sticky":false,"template":"","format":"standard","meta":{"footnotes":""},"categories":[3],"tags":[],"class_list":["post-14461","post","type-post","status-publish","format-standard","has-post-thumbnail","hentry","category-noticias"],"_links":{"self":[{"href":"https:\/\/hostnetart.com.br\/baixada\/wp-json\/wp\/v2\/posts\/14461","targetHints":{"allow":["GET"]}}],"collection":[{"href":"https:\/\/hostnetart.com.br\/baixada\/wp-json\/wp\/v2\/posts"}],"about":[{"href":"https:\/\/hostnetart.com.br\/baixada\/wp-json\/wp\/v2\/types\/post"}],"author":[{"embeddable":true,"href":"https:\/\/hostnetart.com.br\/baixada\/wp-json\/wp\/v2\/users\/2"}],"replies":[{"embeddable":true,"href":"https:\/\/hostnetart.com.br\/baixada\/wp-json\/wp\/v2\/comments?post=14461"}],"version-history":[{"count":0,"href":"https:\/\/hostnetart.com.br\/baixada\/wp-json\/wp\/v2\/posts\/14461\/revisions"}],"wp:featuredmedia":[{"embeddable":true,"href":"https:\/\/hostnetart.com.br\/baixada\/wp-json\/wp\/v2\/media\/14460"}],"wp:attachment":[{"href":"https:\/\/hostnetart.com.br\/baixada\/wp-json\/wp\/v2\/media?parent=14461"}],"wp:term":[{"taxonomy":"category","embeddable":true,"href":"https:\/\/hostnetart.com.br\/baixada\/wp-json\/wp\/v2\/categories?post=14461"},{"taxonomy":"post_tag","embeddable":true,"href":"https:\/\/hostnetart.com.br\/baixada\/wp-json\/wp\/v2\/tags?post=14461"}],"curies":[{"name":"wp","href":"https:\/\/api.w.org\/{rel}","templated":true}]}}