{"id":14457,"date":"2023-08-24T12:21:40","date_gmt":"2023-08-24T15:21:40","guid":{"rendered":"https:\/\/hostnetart.com.br\/baixada\/contraf-cut-lanca-serie-de-videos-sobre-a-reforma-tributaria\/"},"modified":"2023-08-24T12:21:40","modified_gmt":"2023-08-24T15:21:40","slug":"contraf-cut-lanca-serie-de-videos-sobre-a-reforma-tributaria","status":"publish","type":"post","link":"https:\/\/hostnetart.com.br\/baixada\/contraf-cut-lanca-serie-de-videos-sobre-a-reforma-tributaria\/","title":{"rendered":"Contraf-CUT lan\u00e7a s\u00e9rie de v\u00eddeos sobre a reforma tribut\u00e1ria"},"content":{"rendered":"<p>A Confedera\u00e7\u00e3o Nacional dos Trabalhadores do Ramo Financeiro (Contraf-CUT) produzir\u00e1 uma s\u00e9rie de v\u00eddeos sobre a reforma tribut\u00e1ria. Os dois primeiros v\u00eddeos j\u00e1 foram divulgados. O primeiro, com o tema \u201c<a href=\"https:\/\/www.youtube.com\/shorts\/SsjUk7siSkY\" target=\"_blank\" rel=\"noopener noreferrer\">A reforma que o povo precisa<\/a>\u201d, foi distribu\u00eddo pelas redes sociais na sexta-feira (18). O segundo, sobre \u201c<a href=\"https:\/\/www.youtube.com\/shorts\/wr4SHEKkLE8\" target=\"_blank\" rel=\"noopener noreferrer\">por que pagamos tributos<\/a>\u201d foi distribu\u00eddo nesta quarta-feira (23). Ambos est\u00e3o dispon\u00edveis no <a href=\"https:\/\/www.youtube.com\/@TVContraf\" target=\"_blank\" rel=\"noopener noreferrer\">canal da Contraf-CUT<\/a> no Youtube.<\/p>\n<p>No total, ser\u00e3o oito v\u00eddeos. A cada semana ser\u00e3o duas publica\u00e7\u00f5es. O pr\u00f3ximo ser\u00e1 veiculado na sexta-feira (25) e a partir da pr\u00f3xima semana as veicula\u00e7\u00f5es ser\u00e3o \u00e0s ter\u00e7as e sextas-feiras.<\/p>\n<p>\u201cS\u00e3o v\u00eddeos curtos, sem a necessidade de aprofundar o conte\u00fado. A inten\u00e7\u00e3o \u00e9 apenas chamar a aten\u00e7\u00e3o da categoria e da sociedade para as mazelas do sistema atual e para a necessidade de a reforma promover justi\u00e7a social\u201d, explicou a secret\u00e1ria de Comunica\u00e7\u00e3o da Contraf-CUT, Elaine Cutis.<\/p>\n<h3><strong>Materiais gr\u00e1ficos<\/strong><\/h3>\n<p>Al\u00e9m dos v\u00eddeos, a Contraf-CUT tem publicado <a href=\"https:\/\/contrafcut.com.br\/?s=reforma+tribut%C3%A1ria\" target=\"_blank\" rel=\"noopener noreferrer\">mat\u00e9rias em seu site<\/a> quase que diariamente sobre a reforma tribut\u00e1ria e, nos pr\u00f3ximos dias distribuir\u00e1 um boletim (Infopress) e uma cartilha ilustrada em PDF, para que as entidades que tiverem interesse imprimam e distribuam em suas bases. \u201c\u00c9 uma forma de aprofundar o conte\u00fado e fazer com que o debate e nosso posicionamento cheguem at\u00e9 as bases sindicais de todo pa\u00eds e \u00e0 popula\u00e7\u00e3o de uma forma geral\u201d, afirmou Elaine.<\/p>\n<h3><strong>Cursos<\/strong><\/h3>\n<p>Devido \u00e0 complexidade do tema, a Contraf-CUT tamb\u00e9m est\u00e1 realizando cursos sobre a reforma tribut\u00e1ria, para que seus dirigentes acumulem conhecimentos e possam realizar os debates com maior propriedade em suas bases sindicais.<\/p>\n<p><b>Fonte: Contraf-CUT<\/b><\/p>\n","protected":false},"excerpt":{"rendered":"<p>A Confedera\u00e7\u00e3o Nacional dos Trabalhadores do Ramo Financeiro (Contraf-CUT) produzir\u00e1 uma s\u00e9rie de v\u00eddeos sobre a reforma tribut\u00e1ria. Os dois primeiros v\u00eddeos j\u00e1 foram divulgados. O primeiro, com o tema \u201cA reforma que o povo precisa\u201d, foi distribu\u00eddo pelas redes sociais na sexta-feira (18). O segundo, sobre \u201cpor que pagamos tributos\u201d foi distribu\u00eddo nesta quarta-feira [&hellip;]<\/p>\n","protected":false},"author":2,"featured_media":14456,"comment_status":"","ping_status":"","sticky":false,"template":"","format":"standard","meta":{"footnotes":""},"categories":[3],"tags":[],"class_list":["post-14457","post","type-post","status-publish","format-standard","has-post-thumbnail","hentry","category-noticias"],"_links":{"self":[{"href":"https:\/\/hostnetart.com.br\/baixada\/wp-json\/wp\/v2\/posts\/14457","targetHints":{"allow":["GET"]}}],"collection":[{"href":"https:\/\/hostnetart.com.br\/baixada\/wp-json\/wp\/v2\/posts"}],"about":[{"href":"https:\/\/hostnetart.com.br\/baixada\/wp-json\/wp\/v2\/types\/post"}],"author":[{"embeddable":true,"href":"https:\/\/hostnetart.com.br\/baixada\/wp-json\/wp\/v2\/users\/2"}],"replies":[{"embeddable":true,"href":"https:\/\/hostnetart.com.br\/baixada\/wp-json\/wp\/v2\/comments?post=14457"}],"version-history":[{"count":0,"href":"https:\/\/hostnetart.com.br\/baixada\/wp-json\/wp\/v2\/posts\/14457\/revisions"}],"wp:featuredmedia":[{"embeddable":true,"href":"https:\/\/hostnetart.com.br\/baixada\/wp-json\/wp\/v2\/media\/14456"}],"wp:attachment":[{"href":"https:\/\/hostnetart.com.br\/baixada\/wp-json\/wp\/v2\/media?parent=14457"}],"wp:term":[{"taxonomy":"category","embeddable":true,"href":"https:\/\/hostnetart.com.br\/baixada\/wp-json\/wp\/v2\/categories?post=14457"},{"taxonomy":"post_tag","embeddable":true,"href":"https:\/\/hostnetart.com.br\/baixada\/wp-json\/wp\/v2\/tags?post=14457"}],"curies":[{"name":"wp","href":"https:\/\/api.w.org\/{rel}","templated":true}]}}