{"id":14455,"date":"2023-08-24T12:20:12","date_gmt":"2023-08-24T15:20:12","guid":{"rendered":"https:\/\/hostnetart.com.br\/baixada\/contraf-cut-declara-apoio-ao-pl-3588\/"},"modified":"2023-08-24T12:20:12","modified_gmt":"2023-08-24T15:20:12","slug":"contraf-cut-declara-apoio-ao-pl-3588","status":"publish","type":"post","link":"https:\/\/hostnetart.com.br\/baixada\/contraf-cut-declara-apoio-ao-pl-3588\/","title":{"rendered":"Contraf-CUT declara apoio ao PL 3588"},"content":{"rendered":"<p>Os secret\u00e1rios da Confedera\u00e7\u00e3o Nacional dos Trabalhadores do Ramo Financeiro (Contraf-CUT), Mauro Salles (Sa\u00fade) e Jeferson Meira, o Jef\u00e3o, (Rela\u00e7\u00f5es de Trabalho), se reuniram, na tarde desta quarta-feira (23), com o deputado Carlos Veras (PT- PE), relator do Projeto de Lei 3588\/20, que prev\u00ea que o governo dever\u00e1 editar norma regulamentadora (NR) com medidas de preven\u00e7\u00e3o e gest\u00e3o de riscos no ambiente de trabalho que podem afetar a sa\u00fade mental dos trabalhadores (riscos psicossociais).<\/p>\n<p>O objetivo da proposta, que \u00e9 de autoria do deputado Alexandre Padilha (PT-SP), \u00e9 reduzir a incid\u00eancia de dist\u00farbios mentais relacionados ao trabalho, como estresse, depress\u00e3o e esgotamento f\u00edsico.<\/p>\n<p>Editadas pelo Minist\u00e9rio da Economia, as NRs s\u00e3o regras complementares \u00e0 Consolida\u00e7\u00e3o das Leis do Trabalho (CLT) e visam reduzir a ocorr\u00eancia de doen\u00e7as e acidentes de trabalho.<\/p>\n<p>No encontro, os dirigentes declararam apoio ao projeto, por entender a necessidade de avan\u00e7os na legisla\u00e7\u00e3o com normas de regulamenta\u00e7\u00e3o diante dos in\u00fameros casos de transtornos e dos riscos psicossociais no ambiente de trabalho.<\/p>\n<p>Para Mauro Salles, \u00e9 importante pautar e dar visibilidade aos riscos psicossociais a que os trabalhadores est\u00e3o submetidos. \u201cCombinamos com o deputado a realiza\u00e7\u00e3o de audi\u00eancia p\u00fablica para aprofundar o debate deste importante tema. Nossa categoria, em especial, tem interesse neste assunto diante do alto n\u00edvel de adoecimento ps\u00edquico e suic\u00eddios que tem rela\u00e7\u00e3o com a gest\u00e3o dos bancos com press\u00f5es absurdas por resultados\u201d, afirmou Mauro Salles.<\/p>\n<p>Jef\u00e3o ressaltou a import\u00e2ncia da audi\u00eancia p\u00fablica para \u201caprofundar o tema e apontar solu\u00e7\u00f5es \u00e0 luz dos diversos estudos cient\u00edficos e diante do aumento dos casos de transtornos e doen\u00e7as psicossociais em \u00e2mbito do trabalho\u201d. Ele explicou que \u00e9 fundamental conhecer e debater o tema ,apoiar o Projeto de Lei e encaminhar solu\u00e7\u00f5es \u201cpois precisamos urgentemente avan\u00e7ar na legisla\u00e7\u00e3o com normas bem definidas que possam inibir os in\u00fameros casos de transtornos mentais que assolam a classe trabalhadora\u201d.<\/p>\n<p>A Secret\u00e1ria Geral e a Secret\u00e1ria de Sa\u00fade da Fetec-CUT\/PR, Daniele Bittencourt e Vanderleia de Paula, respectivamente, a Secret\u00e1ria de Sa\u00fade do Seeb\/Curitiba, Patr\u00edcia Carbornal, e a assessora do Sindbancarios de Porto Alegre e Sintrafi\/RS, Jac\u00e9ia Netz, tamb\u00e9m participaram da reuni\u00e3o.<\/p>\n<p><b>Fonte: Contraf-CUT, com informa\u00e7\u00f5es da Ag\u00eancia C\u00e2mara de Not\u00edciasr<\/b><\/p>\n","protected":false},"excerpt":{"rendered":"<p>Os secret\u00e1rios da Confedera\u00e7\u00e3o Nacional dos Trabalhadores do Ramo Financeiro (Contraf-CUT), Mauro Salles (Sa\u00fade) e Jeferson Meira, o Jef\u00e3o, (Rela\u00e7\u00f5es de Trabalho), se reuniram, na tarde desta quarta-feira (23), com o deputado Carlos Veras (PT- PE), relator do Projeto de Lei 3588\/20, que prev\u00ea que o governo dever\u00e1 editar norma regulamentadora (NR) com medidas de [&hellip;]<\/p>\n","protected":false},"author":2,"featured_media":14454,"comment_status":"","ping_status":"","sticky":false,"template":"","format":"standard","meta":{"footnotes":""},"categories":[3],"tags":[],"class_list":["post-14455","post","type-post","status-publish","format-standard","has-post-thumbnail","hentry","category-noticias"],"_links":{"self":[{"href":"https:\/\/hostnetart.com.br\/baixada\/wp-json\/wp\/v2\/posts\/14455","targetHints":{"allow":["GET"]}}],"collection":[{"href":"https:\/\/hostnetart.com.br\/baixada\/wp-json\/wp\/v2\/posts"}],"about":[{"href":"https:\/\/hostnetart.com.br\/baixada\/wp-json\/wp\/v2\/types\/post"}],"author":[{"embeddable":true,"href":"https:\/\/hostnetart.com.br\/baixada\/wp-json\/wp\/v2\/users\/2"}],"replies":[{"embeddable":true,"href":"https:\/\/hostnetart.com.br\/baixada\/wp-json\/wp\/v2\/comments?post=14455"}],"version-history":[{"count":0,"href":"https:\/\/hostnetart.com.br\/baixada\/wp-json\/wp\/v2\/posts\/14455\/revisions"}],"wp:featuredmedia":[{"embeddable":true,"href":"https:\/\/hostnetart.com.br\/baixada\/wp-json\/wp\/v2\/media\/14454"}],"wp:attachment":[{"href":"https:\/\/hostnetart.com.br\/baixada\/wp-json\/wp\/v2\/media?parent=14455"}],"wp:term":[{"taxonomy":"category","embeddable":true,"href":"https:\/\/hostnetart.com.br\/baixada\/wp-json\/wp\/v2\/categories?post=14455"},{"taxonomy":"post_tag","embeddable":true,"href":"https:\/\/hostnetart.com.br\/baixada\/wp-json\/wp\/v2\/tags?post=14455"}],"curies":[{"name":"wp","href":"https:\/\/api.w.org\/{rel}","templated":true}]}}