{"id":14453,"date":"2023-08-23T20:09:04","date_gmt":"2023-08-23T23:09:04","guid":{"rendered":"https:\/\/hostnetart.com.br\/baixada\/movimentos-negros-protestam-contra-chacinas-policiais\/"},"modified":"2023-08-23T20:09:04","modified_gmt":"2023-08-23T23:09:04","slug":"movimentos-negros-protestam-contra-chacinas-policiais","status":"publish","type":"post","link":"https:\/\/hostnetart.com.br\/baixada\/movimentos-negros-protestam-contra-chacinas-policiais\/","title":{"rendered":"Movimentos negros protestam contra chacinas policiais"},"content":{"rendered":"<p>Um grande conjunto de movimentos negros realiza, nesta quinta-feira (24), a Jornada dos Movimentos Negros Contra a Viol\u00eancia Policial, com atos em todo Brasil. A mobiliza\u00e7\u00e3o est\u00e1 sendo articulada em protesto \u00e0s chacinas policiais que, no fim de julho e in\u00edcio de agosto, mataram pelo menos 32 pessoas na Bahia, 20 em S\u00e3o Paulo e 10 no Rio de Janeiro.<\/p>\n<p>Entre as mais de 250 entidades que organizam a jornada est\u00e3o Movimento Negro Unificado (MNU), Agentes de Pastoral Negros do Brasil, Associa\u00e7\u00e3o de M\u00e3es e Familiares de Presos e Presas (Amparar), Frente Nacional de Mulheres do Funk, Geled\u00e9s \u2013 Instituto da Mulher Negra, Unegro, Conen e Uneafro Brasil.<\/p>\n<h3><strong>M\u00e3e Bernadete<\/strong><\/h3>\n<p>Os atos tamb\u00e9m exigem justi\u00e7a por M\u00e3e Bernadete Pac\u00edfico, ialorix\u00e1 e l\u00edder do Quilombo Pitanga dos Palmares, em Sim\u00f5es Filho (BA), brutalmente assassinada no \u00faltimo dia 17 de agosto em sua casa, na frente dos netos.<\/p>\n<p>Em nota, a Uneafro denuncia que o \u201cassassinato brutal de uma l\u00edder pol\u00edtica, quilombola, mulher negra e do candombl\u00e9 mostra a face do Brasil real, violentamente racista, machista, mis\u00f3gino, que persegue lideran\u00e7as negras e \u00e9 intolerante com as religi\u00f5es de matriz africana. M\u00e3e Bernadete passou os \u00faltimos anos denunciando o assassinato de seu filho Binho, pelas mesmas motiva\u00e7\u00f5es\u201d.<\/p>\n<h3><strong>Postura violenta<\/strong><\/h3>\n<p>O movimento ressalta que a postura violenta das for\u00e7as de seguran\u00e7a estaduais tem espalhado terror em milhares de comunidades e favelas de periferias urbanas do pa\u00eds. O mote usado pela jornada \u00e9: \u201cPelo fim da viol\u00eancia policial e de estado, nossas crian\u00e7as e o povo negro querem viver! Chega de Chacinas!\u201d<\/p>\n<p>Outra reivindica\u00e7\u00e3o \u00e9 que o Supremo Tribunal Federal (STF) vete \u201copera\u00e7\u00f5es policiais com car\u00e1ter reativo\u201d e \u201cgrandes opera\u00e7\u00f5es invasivas em comunidades sob pretexto do combate ao tr\u00e1fico\u201d, usando como jurisprud\u00eancia a Argui\u00e7\u00e3o de Descumprimento de Preceito Fundamental (ADPF) das Favelas, institu\u00edda durante a pandemia de covid-19.<\/p>\n<p>Para o secret\u00e1rio de Combate ao Racismo da Confedera\u00e7\u00e3o Nacional dos Trabalhadores do Ramo Financeiro (Contraf-CUT), Almir Aguiar, \u201cinstitui\u00e7\u00f5es policiais em todo pa\u00eds precisam ser reconstru\u00eddas, j\u00e1 que o racismo institucional \u00e9 incentivado no curso de forma\u00e7\u00e3o dos novos policiais, colocando o negro sempre como suspeito\u201d. Almir denuncia que, \u201cenquanto houver essa pol\u00edtica de atirar primeiro e perguntar depois, pessoas negras ser\u00e3o mortas ou feridas. Das 47.508 mortes registradas pelo\u00a0<a href=\"https:\/\/contrafcut.com.br\/noticias\/anuario-mostra-violencia-maior-contra-negros-mulheres-e-criancas\/?swcfpc=1\" target=\"_blank\" rel=\"noopener noreferrer\">Anu\u00e1rio de Seguran\u00e7a P\u00fablica<\/a>\u00a0em 2022, mais de 50% eram crian\u00e7as e jovens com idade entre 12 e 29 anos. Em 2022 foram 6.429 mortos por interven\u00e7\u00f5es policiais, 17 por dia. \u00c9 lament\u00e1vel o que aconteceu com Eloah e com tantas outras crian\u00e7as no Brasil\u201d.<\/p>\n<p>Almir reafirma que \u201ca Contraf-CUT mant\u00e9m sua pol\u00edtica antirracista, e em novembro realizar\u00e1 o 7\u00ba F\u00f3rum Nacional pela Visibilidade Negra no Sistema Financeiro. \u00c9 importante que banc\u00e1rios e banc\u00e1rias participem dos protestos da jornada, neste dia 24, e tamb\u00e9m se inscrevam para o F\u00f3rum, que ser\u00e1 na cidade de Porto Alegre\u201d.<\/p>\n<p>Confira a agenda dos atos j\u00e1 confirmados:<\/p>\n<p><strong>Norte<\/strong><\/p>\n<p>Manaus (AM): pra\u00e7a da Saudade, \u00e0s 16h<\/p>\n<p>Macap\u00e1 (AP): Mercado Central, rua C\u00e2ndido Mendes, \u00e0s 16h<\/p>\n<p>Rio Branco (AC): Assembleia Legislativa, das 8h \u00e0s 12h<\/p>\n<p><strong>Nordeste<\/strong><\/p>\n<p>Recife (PE): pra\u00e7a UR11, Ibura, \u00e0s 16h30<\/p>\n<p>Aracaju (SE): pra\u00e7a Camerino, \u00e0s 15h<\/p>\n<p>Teresina (PI): em frente ao Parque da Cidadania, \u00e0s 16h<\/p>\n<p>Santo Ant\u00f4nio de Jesus (BA): pra\u00e7a de S\u00e3o Benedito, \u00e0s 9h<\/p>\n<p><strong>Centro-Oeste<\/strong><\/p>\n<p>Bras\u00edlia (DF): Museu Nacional, caminhada at\u00e9 o Minist\u00e9rio da Justi\u00e7a, \u00e0s 15h<\/p>\n<p>Cuiab\u00e1 (MT): pra\u00e7a da Mandioca, em frente ao Centro Cultural Casa das Pretas, \u00e0s 12h<\/p>\n<p><strong>Sudeste<\/strong><\/p>\n<p>S\u00e3o Paulo (SP): MASP, avenida Paulista, \u00e0s 18h<\/p>\n<p>Limeira (SP): pra\u00e7a Toledo de Barros, Centro, \u00e0s 18h<\/p>\n<p>S\u00e3o Jos\u00e9 do Rio Preto (SP): Defensoria P\u00fablica, \u00e0s 12h<\/p>\n<p>Jarinu (SP): pra\u00e7a da Matriz, \u00e0s 18h<\/p>\n<p>Belo Horizonte (MG): pra\u00e7a 7, \u00e0s 17h30<\/p>\n<p>Juiz de Fora (MG): em frente \u00e0 C\u00e2mara Municipal, \u00e0s 18h<\/p>\n<p>Rio de Janeiro (RJ): Candel\u00e1ria, \u00e0s 16h<\/p>\n<p>Vit\u00f3ria (ES): pra\u00e7a de Itarar\u00e9, \u00e0s 16h<\/p>\n<p><strong>Sul<\/strong><\/p>\n<p>Curitiba (PR): pra\u00e7a Santos Andrade, \u00e0s 18h<\/p>\n<p>Florian\u00f3polis (SC): em Frente ao Morro do Mocot\u00f3, \u00e0s 18h<\/p>\n<p>Porto Alegre (RS): concentra\u00e7\u00e3o na esquina Democr\u00e1tica, \u00e0s 17h30<\/p>\n<p><strong>Fonte: Contraf-CUT<\/strong><\/p>\n","protected":false},"excerpt":{"rendered":"<p>Um grande conjunto de movimentos negros realiza, nesta quinta-feira (24), a Jornada dos Movimentos Negros Contra a Viol\u00eancia Policial, com atos em todo Brasil. A mobiliza\u00e7\u00e3o est\u00e1 sendo articulada em protesto \u00e0s chacinas policiais que, no fim de julho e in\u00edcio de agosto, mataram pelo menos 32 pessoas na Bahia, 20 em S\u00e3o Paulo e [&hellip;]<\/p>\n","protected":false},"author":2,"featured_media":14452,"comment_status":"","ping_status":"","sticky":false,"template":"","format":"standard","meta":{"footnotes":""},"categories":[3],"tags":[],"class_list":["post-14453","post","type-post","status-publish","format-standard","has-post-thumbnail","hentry","category-noticias"],"_links":{"self":[{"href":"https:\/\/hostnetart.com.br\/baixada\/wp-json\/wp\/v2\/posts\/14453","targetHints":{"allow":["GET"]}}],"collection":[{"href":"https:\/\/hostnetart.com.br\/baixada\/wp-json\/wp\/v2\/posts"}],"about":[{"href":"https:\/\/hostnetart.com.br\/baixada\/wp-json\/wp\/v2\/types\/post"}],"author":[{"embeddable":true,"href":"https:\/\/hostnetart.com.br\/baixada\/wp-json\/wp\/v2\/users\/2"}],"replies":[{"embeddable":true,"href":"https:\/\/hostnetart.com.br\/baixada\/wp-json\/wp\/v2\/comments?post=14453"}],"version-history":[{"count":0,"href":"https:\/\/hostnetart.com.br\/baixada\/wp-json\/wp\/v2\/posts\/14453\/revisions"}],"wp:featuredmedia":[{"embeddable":true,"href":"https:\/\/hostnetart.com.br\/baixada\/wp-json\/wp\/v2\/media\/14452"}],"wp:attachment":[{"href":"https:\/\/hostnetart.com.br\/baixada\/wp-json\/wp\/v2\/media?parent=14453"}],"wp:term":[{"taxonomy":"category","embeddable":true,"href":"https:\/\/hostnetart.com.br\/baixada\/wp-json\/wp\/v2\/categories?post=14453"},{"taxonomy":"post_tag","embeddable":true,"href":"https:\/\/hostnetart.com.br\/baixada\/wp-json\/wp\/v2\/tags?post=14453"}],"curies":[{"name":"wp","href":"https:\/\/api.w.org\/{rel}","templated":true}]}}