{"id":14445,"date":"2023-08-23T13:59:15","date_gmt":"2023-08-23T16:59:15","guid":{"rendered":"https:\/\/hostnetart.com.br\/baixada\/curso-de-vigilancia-e-atencao-a-saude-do-trabalhador-chega-ao-terceiro-modulo\/"},"modified":"2023-08-23T13:59:15","modified_gmt":"2023-08-23T16:59:15","slug":"curso-de-vigilancia-e-atencao-a-saude-do-trabalhador-chega-ao-terceiro-modulo","status":"publish","type":"post","link":"https:\/\/hostnetart.com.br\/baixada\/curso-de-vigilancia-e-atencao-a-saude-do-trabalhador-chega-ao-terceiro-modulo\/","title":{"rendered":"Curso de Vigil\u00e2ncia e Aten\u00e7\u00e3o \u00e0 Sa\u00fade do Trabalhador chega ao terceiro m\u00f3dulo"},"content":{"rendered":"<p>O terceiro m\u00f3dulo do Curso de Vigil\u00e2ncia e Aten\u00e7\u00e3o \u00e0 Sa\u00fade do Trabalhador, organizado pela Confedera\u00e7\u00e3o Nacional dos Trabalhadores do Ramo Financeiro (Contraf-CUT), ocorre nesta quarta-feira (23), a partir das 15 horas, em formato eletr\u00f4nico, via aplicativo de videoconfer\u00eancia Zoom.<\/p>\n<p>O encontro ter\u00e1 a participa\u00e7\u00e3o de Luciana Barretto, do escrit\u00f3rio LBS Advogadas e Advogados, mestranda no Instituto de Economia da Unicamp. Ela far\u00e1 uma abordagem sobre o arcabou\u00e7o jur\u00eddico para vigil\u00e2ncia em sa\u00fade do trabalhador e da trabalhadora. Os temas ser\u00e3o concentrados na legisla\u00e7\u00e3o do Sistema \u00danico de Sa\u00fade (SUS), nas normas regulamentadoras das leis trabalhistas e na Conven\u00e7\u00e3o Coletiva de Trabalho (CCT) da categoria banc\u00e1ria.<\/p>\n<p>Os dois m\u00f3dulos anteriores tiveram boa recep\u00e7\u00e3o dos participantes. Para o secret\u00e1rio de Sa\u00fade da Contraf-CUT, Mauro Salles, \u201cem seu conjunto, o curso tem como objetivo capacitar os profissionais para atuar na promo\u00e7\u00e3o da sa\u00fade e seguran\u00e7a no trabalho, para a melhoria das condi\u00e7\u00f5es laborais e prote\u00e7\u00e3o dos direitos dos trabalhadores. De acordo com o dirigente, \u201cas aulas de especialistas experientes fornecem conhecimentos fundamentais para os trabalhadores enfrentarem os desafios que existem em suas atividades laboratoriais\u201d. Mauro ressalta a import\u00e2ncia do curso, \u201cneste momento em que cresce o n\u00famero de adoecimentos relacionados ao trabalho, principalmente adoecimento ps\u00edquico\u201d.<\/p>\n<p>O secret\u00e1rio de Forma\u00e7\u00e3o da Contraf-CUT, Rafael Zanon, observa que \u201co curso reafirma o compromisso do movimento sindical banc\u00e1rio de promover a prote\u00e7\u00e3o da sa\u00fade e dos trabalhadores e de fortalecer a luta por melhores condi\u00e7\u00f5es de trabalho\u201d. Zanon lembra que \u201chouve grande participa\u00e7\u00e3o de dirigentes nos dois m\u00f3dulos anteriores, e isso mostra a import\u00e2ncia do programa para sistematizar o conhecimento e aprimorar as ferramentas para a atua\u00e7\u00e3o das entidades sindicais no setor\u201d.<\/p>\n<h3><strong>M\u00f3dulos anteriores<\/strong><\/h3>\n<p>O curso come\u00e7ou em 28 de junho, em modo presencial, no audit\u00f3rio da Contraf-CUT, em S\u00e3o Paulo, com a m\u00e9dica e pesquisadora da Funda\u00e7\u00e3o Jorge Duprat Figueiredo de Seguran\u00e7a e Medicina do Trabalho, Maria Maeno, que conduziu reflex\u00f5es sobre vigil\u00e2ncia em sa\u00fade do trabalhador. A segunda aula, no dia seguinte, foi sobre sa\u00fade no contexto do trabalho banc\u00e1rio, com o psic\u00f3logo Andr\u00e9 Guerra, doutor e mestre em Psicologia Social e Institucional, com reflex\u00e3o sobre os desafios enfrentados pelos trabalhadores no ambiente banc\u00e1rio e a import\u00e2ncia da sa\u00fade f\u00edsica e mental nesse contexto.<\/p>\n<p>O segundo m\u00f3dulo\u00a0<a>foi realizado em 19<\/a>\u00a0de julho, no formato online. O eixo central da aula da advogada Leonor Po\u00e7o, assessora jur\u00eddica do Sindicato dos Banc\u00e1rios de S\u00e3o Paulo, concentrou-se nos aspectos jur\u00eddicos relacionados \u00e0 sa\u00fade e condi\u00e7\u00f5es de trabalho na CCT da categoria banc\u00e1ria, nos Acordos Coletivos de Trabalho (ACT) e nas Conven\u00e7\u00f5es da Organiza\u00e7\u00e3o Internacional do Trabalho (OIT).<\/p>\n<p><strong>Fonte: Contraf-CUT<\/strong><\/p>\n","protected":false},"excerpt":{"rendered":"<p>O terceiro m\u00f3dulo do Curso de Vigil\u00e2ncia e Aten\u00e7\u00e3o \u00e0 Sa\u00fade do Trabalhador, organizado pela Confedera\u00e7\u00e3o Nacional dos Trabalhadores do Ramo Financeiro (Contraf-CUT), ocorre nesta quarta-feira (23), a partir das 15 horas, em formato eletr\u00f4nico, via aplicativo de videoconfer\u00eancia Zoom. O encontro ter\u00e1 a participa\u00e7\u00e3o de Luciana Barretto, do escrit\u00f3rio LBS Advogadas e Advogados, mestranda [&hellip;]<\/p>\n","protected":false},"author":2,"featured_media":14444,"comment_status":"","ping_status":"","sticky":false,"template":"","format":"standard","meta":{"footnotes":""},"categories":[3],"tags":[],"class_list":["post-14445","post","type-post","status-publish","format-standard","has-post-thumbnail","hentry","category-noticias"],"_links":{"self":[{"href":"https:\/\/hostnetart.com.br\/baixada\/wp-json\/wp\/v2\/posts\/14445","targetHints":{"allow":["GET"]}}],"collection":[{"href":"https:\/\/hostnetart.com.br\/baixada\/wp-json\/wp\/v2\/posts"}],"about":[{"href":"https:\/\/hostnetart.com.br\/baixada\/wp-json\/wp\/v2\/types\/post"}],"author":[{"embeddable":true,"href":"https:\/\/hostnetart.com.br\/baixada\/wp-json\/wp\/v2\/users\/2"}],"replies":[{"embeddable":true,"href":"https:\/\/hostnetart.com.br\/baixada\/wp-json\/wp\/v2\/comments?post=14445"}],"version-history":[{"count":0,"href":"https:\/\/hostnetart.com.br\/baixada\/wp-json\/wp\/v2\/posts\/14445\/revisions"}],"wp:featuredmedia":[{"embeddable":true,"href":"https:\/\/hostnetart.com.br\/baixada\/wp-json\/wp\/v2\/media\/14444"}],"wp:attachment":[{"href":"https:\/\/hostnetart.com.br\/baixada\/wp-json\/wp\/v2\/media?parent=14445"}],"wp:term":[{"taxonomy":"category","embeddable":true,"href":"https:\/\/hostnetart.com.br\/baixada\/wp-json\/wp\/v2\/categories?post=14445"},{"taxonomy":"post_tag","embeddable":true,"href":"https:\/\/hostnetart.com.br\/baixada\/wp-json\/wp\/v2\/tags?post=14445"}],"curies":[{"name":"wp","href":"https:\/\/api.w.org\/{rel}","templated":true}]}}