{"id":14441,"date":"2023-08-23T12:37:23","date_gmt":"2023-08-23T15:37:23","guid":{"rendered":"https:\/\/hostnetart.com.br\/baixada\/caixa-pagara-plr-no-dia-20-de-setembro\/"},"modified":"2023-08-23T12:37:23","modified_gmt":"2023-08-23T15:37:23","slug":"caixa-pagara-plr-no-dia-20-de-setembro","status":"publish","type":"post","link":"https:\/\/hostnetart.com.br\/baixada\/caixa-pagara-plr-no-dia-20-de-setembro\/","title":{"rendered":"Caixa pagar\u00e1 PLR no dia 20 de setembro"},"content":{"rendered":"<p>A presidenta da Caixa Econ\u00f4mica Federal, Rita Serrano, divulgou um v\u00eddeo, no dia 17 de agosto, informando que a Participa\u00e7\u00e3o nos Lucros e\/ou Resultados ser\u00e1 paga \u00e0s empregadas e empregados no dia 20 de setembro. No v\u00eddeo, Rita agradece o empenho dos empregados para obten\u00e7\u00e3o dos resultados divulgados naquele mesmo dia, quando a Caixa divulgou o balan\u00e7o do semestre.<\/p>\n<p>\u201cAntes que voc\u00eas me perguntem, a PLR ser\u00e1 paga no dia 20 de setembro, porque o acordo coletivo com os sindicatos j\u00e1 foi firmado\u201d, ressaltou a presidenta da Caixa <a href=\"https:\/\/youtu.be\/GSNUDCxo9Jk\" target=\"_blank\" rel=\"noopener noreferrer\">no v\u00eddeo<\/a>.<\/p>\n<p>No pr\u00f3prio dia 17, durante reuni\u00e3o de negocia\u00e7\u00f5es com o banco, a <a href=\"https:\/\/contrafcut.com.br\/noticias\/lucro-da-caixa-chega-aos-r-45bi-no-primeiro-semestre\" target=\"_blank\" rel=\"noopener noreferrer\">representa\u00e7\u00e3o dos empregados solicitou<\/a> a antecipa\u00e7\u00e3o do pagamento da PLR.<\/p>\n<p>\u201c\u00c9 importante este an\u00fancio da antecipa\u00e7\u00e3o da PLR e tamb\u00e9m o reconhecimento do empenho dos trabalhadores\u201d, disse a coordenadora da Comiss\u00e3o Executiva dos Empregados (CEE) da Caixa, Fabiana Uehara Proscholdt. \u201cPor isso, enviamos, nesta ter\u00e7a-feira (22), um of\u00edcio ao banco, solicitando que a PLR Social a ser paga no dia 20 de setembro seja vinculada, exclusivamente ao desempenho dos empregados nos indicadores sociais\u201d, completou.<\/p>\n<p>O of\u00edcio, enviado ao banco pela Confedera\u00e7\u00e3o Nacional dos Trabalhadores do Ramo Financeiro (Contraf-CUT), diz que \u201ctal medida assumida demonstrar\u00e1 a valoriza\u00e7\u00e3o do corpo funcional e destacar\u00e1 o importante papel social da pr\u00f3pria Caixa\u201d.<\/p>\n<p>A conquista da PLR Social paga aos empregados da Caixa \u00e9 resultado da Campanha Nacional dos Banc\u00e1rios de 2010. \u00c9 uma forma de valorizar os trabalhadores pelo desempenho relacionado a programas sociais do governo federal, operacionalizados pelo banco p\u00fablico.<\/p>\n<p><strong>Fonte: Contraf-CUT<\/strong><\/p>\n","protected":false},"excerpt":{"rendered":"<p>A presidenta da Caixa Econ\u00f4mica Federal, Rita Serrano, divulgou um v\u00eddeo, no dia 17 de agosto, informando que a Participa\u00e7\u00e3o nos Lucros e\/ou Resultados ser\u00e1 paga \u00e0s empregadas e empregados no dia 20 de setembro. No v\u00eddeo, Rita agradece o empenho dos empregados para obten\u00e7\u00e3o dos resultados divulgados naquele mesmo dia, quando a Caixa divulgou [&hellip;]<\/p>\n","protected":false},"author":2,"featured_media":14440,"comment_status":"","ping_status":"","sticky":false,"template":"","format":"standard","meta":{"footnotes":""},"categories":[3],"tags":[],"class_list":["post-14441","post","type-post","status-publish","format-standard","has-post-thumbnail","hentry","category-noticias"],"_links":{"self":[{"href":"https:\/\/hostnetart.com.br\/baixada\/wp-json\/wp\/v2\/posts\/14441","targetHints":{"allow":["GET"]}}],"collection":[{"href":"https:\/\/hostnetart.com.br\/baixada\/wp-json\/wp\/v2\/posts"}],"about":[{"href":"https:\/\/hostnetart.com.br\/baixada\/wp-json\/wp\/v2\/types\/post"}],"author":[{"embeddable":true,"href":"https:\/\/hostnetart.com.br\/baixada\/wp-json\/wp\/v2\/users\/2"}],"replies":[{"embeddable":true,"href":"https:\/\/hostnetart.com.br\/baixada\/wp-json\/wp\/v2\/comments?post=14441"}],"version-history":[{"count":0,"href":"https:\/\/hostnetart.com.br\/baixada\/wp-json\/wp\/v2\/posts\/14441\/revisions"}],"wp:featuredmedia":[{"embeddable":true,"href":"https:\/\/hostnetart.com.br\/baixada\/wp-json\/wp\/v2\/media\/14440"}],"wp:attachment":[{"href":"https:\/\/hostnetart.com.br\/baixada\/wp-json\/wp\/v2\/media?parent=14441"}],"wp:term":[{"taxonomy":"category","embeddable":true,"href":"https:\/\/hostnetart.com.br\/baixada\/wp-json\/wp\/v2\/categories?post=14441"},{"taxonomy":"post_tag","embeddable":true,"href":"https:\/\/hostnetart.com.br\/baixada\/wp-json\/wp\/v2\/tags?post=14441"}],"curies":[{"name":"wp","href":"https:\/\/api.w.org\/{rel}","templated":true}]}}