{"id":1444,"date":"2013-08-30T00:00:00","date_gmt":"2013-08-30T03:00:00","guid":{"rendered":"https:\/\/hostnetart.com.br\/baixada\/contraf-cut-reforca-dia-nacional-de-mobilizacao-e-paralisacoes-nesta-sexta\/"},"modified":"2013-08-30T00:00:00","modified_gmt":"2013-08-30T03:00:00","slug":"contraf-cut-reforca-dia-nacional-de-mobilizacao-e-paralisacoes-nesta-sexta","status":"publish","type":"post","link":"https:\/\/hostnetart.com.br\/baixada\/contraf-cut-reforca-dia-nacional-de-mobilizacao-e-paralisacoes-nesta-sexta\/","title":{"rendered":"Contraf-CUT refor\u00e7a Dia Nacional de Mobiliza\u00e7\u00e3o e Paralisa\u00e7\u00f5es nesta sexta"},"content":{"rendered":"<p>A Contraf-CUT orienta todas as entidades filiadas a intensificarem a mobiliza\u00e7\u00e3o e a participarem de forma massiva do Dia Nacional de Mobiliza\u00e7\u00e3o e Paralisa\u00e7\u00e3o convocada pela CUT e pelas demais centrais sindicais para esta sexta-feira 30 em todo o pa\u00eds, que tem como um dos eixos centrais o combate ao PL 4330 da terceiriza\u00e7\u00e3o, que retira direitos e precariza o emprego.<\/p>\n<p>\u00a0<\/p>\n<p>\u201cVamos nos juntar \u00e0s demais categorias de trabalhadores na luta por nossos interesses comuns, como a retirada do PL 4330, o fim do fator previdenci\u00e1rio, mais investimentos em educa\u00e7\u00e3o, transporte p\u00fablico de qualidade, reforma pol\u00edtica e reforma tribut\u00e1ria\u201d, convoca Carlos Cordeiro, presidente da Contraf-CUT.<\/p>\n<p>\u00a0<\/p>\n<p>De autoria do deputado federal Sandro Mabel (PMDB-GO), o PL 4330\/04 libera a terceiriza\u00e7\u00e3o sem limites \u2013 inclusive na atividade principal da empresa, seja ela privada ou p\u00fablica \u2013 e acaba com a responsabilidade solid\u00e1ria, na qual a contratante arca com as d\u00edvidas trabalhistas n\u00e3o pagas pela terceirizada.<\/p>\n<p>\u00a0<\/p>\n<p>\u201cSe o projeto for aprovado, os bancos v\u00e3o acabar com os caixas e gerentes e contratar terceirizadas especializadas. N\u00e3o \u00e9 \u00e0 toa que a Fenaban est\u00e1 coordenando a bancada patronal na C\u00e2mara dos Deputados para aprovar o PL 4330\u2033, adverte Carlos Cordeiro.<\/p>\n<p>\u00a0<\/p>\n<p>Al\u00e9m de diversas mobiliza\u00e7\u00f5es contra a aprova\u00e7\u00e3o do projeto no Congresso Nacional, a CUT participou de v\u00e1rias rodadas de negocia\u00e7\u00e3o na mesa quadripartite formada pelas centrais, empres\u00e1rios, governo e parlamentares. Por\u00e9m, n\u00e3o houve avan\u00e7o em pontos fundamentais para a garantia de direitos dos trabalhadores\/as, j\u00e1 que o empresariado e o relator do PL, o deputado Artur Maia (PMDB-BA), continuam intransigentes e querem impor a terceiriza\u00e7\u00e3o ilimitada.<\/p>\n<p>\u00a0<\/p>\n<p>A mesa de negocia\u00e7\u00e3o ser\u00e1 encerrada na pr\u00f3xima segunda-feira, 2 de setembro. Por isso a CUT e suas confedera\u00e7\u00f5es, entre elas a Contraf, exigem a retirada do PL 4330 da pauta do Congresso.<\/p>\n<p>\u00a0<\/p>\n<p>\u00a0<\/p>\n<p><strong>Pa\u00eds de primeira n\u00e3o pode ter emprego de terceira<\/strong><\/p>\n<p>\u00a0<\/p>\n<p>Entre os v\u00e1rios impactos que o PL trar\u00e1 \u00e0s rela\u00e7\u00f5es de trabalho, vale destacar que o terceirizado:<\/p>\n<p>&#8211; Recebe sal\u00e1rio 27% menor que o contratado direto;<\/p>\n<p>&#8211; No sistema financeiro, o sal\u00e1rio do terceirizado \u00e9 ainda menor: equivalente a um ter\u00e7o da remunera\u00e7\u00e3o do banc\u00e1rio.<\/p>\n<p>&#8211; Tem jornada semanal de 3 horas a mais;<\/p>\n<p>&#8211; Permanece 2,6 anos a menos no emprego do que um trabalhador contratado diretamente;<\/p>\n<p>&#8211; A rotatividade \u00e9 maior \u2013 44,9% entre os terceirizados, contra 22% dos diretamente contratados;<\/p>\n<p>&#8211; A cada 10 acidentes de trabalho, oito acontecem entre os trabalhadores terceirizados.<\/p>\n<p>\u00a0<\/p>\n<p>\u00a0<\/p>\n<p><strong>A agenda das centrais sindicais<\/strong><\/p>\n<p>Al\u00e9m do combate ao PL 4330, a pauta das centrais sindicais para o Dia Nacional de Mobiliza\u00e7\u00e3o e Paralisa\u00e7\u00f5es inclui:<\/p>\n<p>&gt; Fim do fator previdenci\u00e1rio;<\/p>\n<p>&gt; Redu\u00e7\u00e3o da jornada para 40 horas sem redu\u00e7\u00e3o salarial;<\/p>\n<p>&gt; Valoriza\u00e7\u00e3o das aposentadorias;<\/p>\n<p>&gt; 10% do PIB para a educa\u00e7\u00e3o;<\/p>\n<p>&gt; 10% do or\u00e7amento da Uni\u00e3o para a sa\u00fade;<\/p>\n<p>&gt; Transporte p\u00fablico de qualidade;<\/p>\n<p>&gt; Reforma agr\u00e1ria;<\/p>\n<p>&gt; Suspens\u00e3o dos leil\u00f5es de petr\u00f3leo.<\/p>\n<p>A CUT e suas entidades sindicais ainda defendem a reforma pol\u00edtica com plebiscito, a reforma tribut\u00e1ria e a democratiza\u00e7\u00e3o dos meios de comunica\u00e7\u00e3o.<\/p>\n<p>Fonte: Contraf-CUT, com CUT<\/p>\n","protected":false},"excerpt":{"rendered":"<p>A Contraf-CUT orienta todas as entidades filiadas a intensificarem a mobiliza\u00e7\u00e3o e a participarem de forma massiva do Dia Nacional de Mobiliza\u00e7\u00e3o e Paralisa\u00e7\u00e3o convocada pela CUT e pelas demais centrais sindicais para esta sexta-feira 30 em todo o pa\u00eds, que tem como um dos eixos centrais o combate ao PL 4330 da terceiriza\u00e7\u00e3o, que [&hellip;]<\/p>\n","protected":false},"author":1,"featured_media":0,"comment_status":"","ping_status":"","sticky":false,"template":"","format":"standard","meta":{"footnotes":""},"categories":[3],"tags":[],"class_list":["post-1444","post","type-post","status-publish","format-standard","hentry","category-noticias"],"_links":{"self":[{"href":"https:\/\/hostnetart.com.br\/baixada\/wp-json\/wp\/v2\/posts\/1444","targetHints":{"allow":["GET"]}}],"collection":[{"href":"https:\/\/hostnetart.com.br\/baixada\/wp-json\/wp\/v2\/posts"}],"about":[{"href":"https:\/\/hostnetart.com.br\/baixada\/wp-json\/wp\/v2\/types\/post"}],"author":[{"embeddable":true,"href":"https:\/\/hostnetart.com.br\/baixada\/wp-json\/wp\/v2\/users\/1"}],"replies":[{"embeddable":true,"href":"https:\/\/hostnetart.com.br\/baixada\/wp-json\/wp\/v2\/comments?post=1444"}],"version-history":[{"count":0,"href":"https:\/\/hostnetart.com.br\/baixada\/wp-json\/wp\/v2\/posts\/1444\/revisions"}],"wp:attachment":[{"href":"https:\/\/hostnetart.com.br\/baixada\/wp-json\/wp\/v2\/media?parent=1444"}],"wp:term":[{"taxonomy":"category","embeddable":true,"href":"https:\/\/hostnetart.com.br\/baixada\/wp-json\/wp\/v2\/categories?post=1444"},{"taxonomy":"post_tag","embeddable":true,"href":"https:\/\/hostnetart.com.br\/baixada\/wp-json\/wp\/v2\/tags?post=1444"}],"curies":[{"name":"wp","href":"https:\/\/api.w.org\/{rel}","templated":true}]}}