{"id":14433,"date":"2023-08-22T14:17:47","date_gmt":"2023-08-22T17:17:47","guid":{"rendered":"https:\/\/hostnetart.com.br\/baixada\/cassi-inicia-serie-de-encontros-voltados-as-pessoas-com-deficiencia\/"},"modified":"2023-08-22T14:17:47","modified_gmt":"2023-08-22T17:17:47","slug":"cassi-inicia-serie-de-encontros-voltados-as-pessoas-com-deficiencia","status":"publish","type":"post","link":"https:\/\/hostnetart.com.br\/baixada\/cassi-inicia-serie-de-encontros-voltados-as-pessoas-com-deficiencia\/","title":{"rendered":"Cassi inicia s\u00e9rie de encontros voltados \u00e0s pessoas com defici\u00eancia"},"content":{"rendered":"<p>A Caixa de Assist\u00eancia dos Funcion\u00e1rios do Banco do Brasil (Cassi) deu in\u00edcio, na \u00faltima quarta-feira (16), na sede da institui\u00e7\u00e3o em Bras\u00edlia, a uma s\u00e9rie de encontros do projeto \u201c<a href=\"https:\/\/www.cassi.com.br\/noticias\/conferencia-cidada-uma-cassi-mais-inclusiva-abre-dia-16-8-a-construcao-da-politica-de-relacionamento-com-pessoas-com-deficiencia\/\">Confer\u00eancia Cidad\u00e3 \u2013 uma Cassi mais inclusiva<\/a>\u201c, voltado \u00e0s pessoas com defici\u00eancia (PCDs).<\/p>\n<p>Nos pr\u00f3ximos meses, est\u00e3o previstas as fases de confer\u00eancias estaduais, oficinas t\u00e9cnicas, consulta aberta e confer\u00eancia nacional. \u201cA Cassi est\u00e1 se propondo a ouvir os associados, nesse primeiro momento, para entender quais s\u00e3o as dificuldades das pessoas com defici\u00eancia, em cada regi\u00e3o. Afinal, duas pessoas, por exemplo, uma na zona rural, outra na cidade, podem at\u00e9 ter a mesma defici\u00eancia, mas a realidade do espa\u00e7o onde vivem pode resultar na necessidade de tratamentos diferentes para cada uma delas\u201d, explicou o funcion\u00e1rio do BB e secret\u00e1rio-geral da Confedera\u00e7\u00e3o Nacional dos Trabalhadores do Ramo Financeiro (Contraf-CUT), Gustavo Tabatinga Junior, que participou da abertura da confer\u00eancia, em Bras\u00edlia.<\/p>\n<p>Em nota, a Cassi destacou que os encontros, que tem como objetivo escutar as PCDs para aumentar a efici\u00eancia dos atendimentos a esse p\u00fablico, s\u00e3o abertos para todas as associadas e todos os associados.<\/p>\n<p>\u201cN\u00f3s concordamos com esse m\u00e9todo da confer\u00eancia, de primeiro ouvir as demandas dos associados, para depois construir solu\u00e7\u00f5es. E convidamos todos e todas a acompanharem, no site da Cassi, as datas das pr\u00f3ximas confer\u00eancias, para que participem e ajudem a construir uma Cassi melhor, que realmente atenda aos anseios dos associados\u201d, observou Tabatinga.<\/p>\n<p>A abertura da confer\u00eancia contou ainda com a participa\u00e7\u00e3o da titular da vice-presid\u00eancia corporativa do Banco do Brasil, Ana Cristina Garcia. \u201cCuidar das pessoas com defici\u00eancia, inclu\u00ed-las na sociedade tamb\u00e9m faz parte das a\u00e7\u00f5es estrat\u00e9gicas que a presidente Tarciana Medeiros trouxe ao assumir a estatal. \u00c9 muito importante termos a Cassi e o banco alinhados em trabalhos t\u00e3o importantes e voltados para a sociedade\u201d, defendeu.<\/p>\n<p>O presidente da Cassi, Claudio Said, destacou ainda que o projeto est\u00e1 dentro do objetivo da entidade de promover a sa\u00fade, evitando o adoecimento, \u201ccom melhorias em seus servi\u00e7os ofertados, principalmente, por meio das CliniCASSI com a Aten\u00e7\u00e3o Prim\u00e1ria \u00e0 Sa\u00fade\u201d.<\/p>\n<h3>Avalia\u00e7\u00e3o de associada<\/h3>\n<p>\u201cComo m\u00e3e de pessoa com defici\u00eancia, fico feliz com a iniciativa e tenho grandes expectativas de que haja um aprimoramento dos processos de atendimento a esse p\u00fablico, cumprindo o objetivo prim\u00e1rio da Cassi, que \u00e9 prover sa\u00fade integral aos funcion\u00e1rios do BB e seus dependentes\u201d, avaliou a funcion\u00e1ria do BB e associada \u00e0 Cassi, Bianca Garbelini. \u201c\u00c9 essencial ouvir as pr\u00f3prias PCDs e as fam\u00edlias de PCDs menores ou que necessitam de maior suporte. \u00c9 a m\u00e1xima \u2018nada sobre n\u00f3s, sem n\u00f3s\u2019 sendo colocada em pr\u00e1tica\u201d, pontuou.<\/p>\n<p><strong>Fonte: Contraf-CUT<\/strong><\/p>\n","protected":false},"excerpt":{"rendered":"<p>A Caixa de Assist\u00eancia dos Funcion\u00e1rios do Banco do Brasil (Cassi) deu in\u00edcio, na \u00faltima quarta-feira (16), na sede da institui\u00e7\u00e3o em Bras\u00edlia, a uma s\u00e9rie de encontros do projeto \u201cConfer\u00eancia Cidad\u00e3 \u2013 uma Cassi mais inclusiva\u201c, voltado \u00e0s pessoas com defici\u00eancia (PCDs). Nos pr\u00f3ximos meses, est\u00e3o previstas as fases de confer\u00eancias estaduais, oficinas t\u00e9cnicas, [&hellip;]<\/p>\n","protected":false},"author":2,"featured_media":14432,"comment_status":"","ping_status":"","sticky":false,"template":"","format":"standard","meta":{"footnotes":""},"categories":[3],"tags":[],"class_list":["post-14433","post","type-post","status-publish","format-standard","has-post-thumbnail","hentry","category-noticias"],"_links":{"self":[{"href":"https:\/\/hostnetart.com.br\/baixada\/wp-json\/wp\/v2\/posts\/14433","targetHints":{"allow":["GET"]}}],"collection":[{"href":"https:\/\/hostnetart.com.br\/baixada\/wp-json\/wp\/v2\/posts"}],"about":[{"href":"https:\/\/hostnetart.com.br\/baixada\/wp-json\/wp\/v2\/types\/post"}],"author":[{"embeddable":true,"href":"https:\/\/hostnetart.com.br\/baixada\/wp-json\/wp\/v2\/users\/2"}],"replies":[{"embeddable":true,"href":"https:\/\/hostnetart.com.br\/baixada\/wp-json\/wp\/v2\/comments?post=14433"}],"version-history":[{"count":0,"href":"https:\/\/hostnetart.com.br\/baixada\/wp-json\/wp\/v2\/posts\/14433\/revisions"}],"wp:featuredmedia":[{"embeddable":true,"href":"https:\/\/hostnetart.com.br\/baixada\/wp-json\/wp\/v2\/media\/14432"}],"wp:attachment":[{"href":"https:\/\/hostnetart.com.br\/baixada\/wp-json\/wp\/v2\/media?parent=14433"}],"wp:term":[{"taxonomy":"category","embeddable":true,"href":"https:\/\/hostnetart.com.br\/baixada\/wp-json\/wp\/v2\/categories?post=14433"},{"taxonomy":"post_tag","embeddable":true,"href":"https:\/\/hostnetart.com.br\/baixada\/wp-json\/wp\/v2\/tags?post=14433"}],"curies":[{"name":"wp","href":"https:\/\/api.w.org\/{rel}","templated":true}]}}