{"id":14429,"date":"2023-08-17T15:02:56","date_gmt":"2023-08-17T18:02:56","guid":{"rendered":"https:\/\/hostnetart.com.br\/baixada\/banco-inter-tem-trimestre-historico-mas-demite-funcionarios\/"},"modified":"2023-08-17T15:02:56","modified_gmt":"2023-08-17T18:02:56","slug":"banco-inter-tem-trimestre-historico-mas-demite-funcionarios","status":"publish","type":"post","link":"https:\/\/hostnetart.com.br\/baixada\/banco-inter-tem-trimestre-historico-mas-demite-funcionarios\/","title":{"rendered":"Banco Inter tem trimestre hist\u00f3rico, mas demite funcion\u00e1rios"},"content":{"rendered":"<p>O Banco Inter reverteu um preju\u00edzo de R$ 13,3 milh\u00f5es no primeiro semestre de 2022 e registrou lucro l\u00edquido de R$ 88,4 milh\u00f5es, no mesmo per\u00edodo deste ano. S\u00f3 no segundo trimestre de 2023, o lucro l\u00edquido foi de R$ 64 milh\u00f5es, 165% maior que o trimestre anterior.<\/p>\n<p>Mesmo com todo esse desempenho, o Inter fechou 400 postos de trabalho nos \u00faltimos tr\u00eas meses. Por outro lado, o n\u00famero de clientes chegou a 20,7 milh\u00f5es, com crescimento de 12% no trimestre e de 73% em um ano. Para Liliam Diniz, funcion\u00e1ria da entidade e diretora do Sindicato dos Banc\u00e1rio de Belo Horizonte, os n\u00fameros provam a sobrecarga de trabalho a que os funcion\u00e1rios e funcion\u00e1rias do banco est\u00e3o sendo expostas. \u201cInfelizmente ainda nos deparamos com o excesso de demandas, prazos curtos e outras quest\u00f5es que contribuem para a press\u00e3o enorme sobre os trabalhadores. Cobramos que o Banco Inter valorize os funcion\u00e1rios e entenda a import\u00e2ncia dos esfor\u00e7os e comprometimento de todos para crescimento da Institui\u00e7\u00e3o\u201d.<\/p>\n<p>Para Marco Aur\u00e9lio, diretor do Sindicato dos Banc\u00e1rios de Belo Horizonte que participa das negocia\u00e7\u00f5es com o banco, representando os trabalhadores, os sindicatos sempre tiveram um papel importante a fim de diminuir as desigualdades no Banco Inter e garantir direitos. \u201cSe n\u00e3o fossem os sindicatos para defender os empregos e melhores condi\u00e7\u00f5es de trabalho, a situa\u00e7\u00e3o estaria mais grave. Por isso, \u00e9 fundamental que mais funcion\u00e1rios se filiem \u00e0 sua representa\u00e7\u00e3o sindical\u201d, completou.<\/p>\n<p><a href=\"https:\/\/contrafcut.com.br\/wp-content\/uploads\/2023\/08\/banco-inter-1o-semestre-2023.pdf\">Veja aqui<\/a>\u00a0os destaques completos do Departamento Intersindical de Estat\u00edstica e Estudos Socioecon\u00f4micos (Dieese).<\/p>\n<p><strong>Fonte: Contraf-CUT<\/strong><\/p>\n","protected":false},"excerpt":{"rendered":"<p>O Banco Inter reverteu um preju\u00edzo de R$ 13,3 milh\u00f5es no primeiro semestre de 2022 e registrou lucro l\u00edquido de R$ 88,4 milh\u00f5es, no mesmo per\u00edodo deste ano. S\u00f3 no segundo trimestre de 2023, o lucro l\u00edquido foi de R$ 64 milh\u00f5es, 165% maior que o trimestre anterior. Mesmo com todo esse desempenho, o Inter [&hellip;]<\/p>\n","protected":false},"author":2,"featured_media":14428,"comment_status":"","ping_status":"","sticky":false,"template":"","format":"standard","meta":{"footnotes":""},"categories":[3],"tags":[],"class_list":["post-14429","post","type-post","status-publish","format-standard","has-post-thumbnail","hentry","category-noticias"],"_links":{"self":[{"href":"https:\/\/hostnetart.com.br\/baixada\/wp-json\/wp\/v2\/posts\/14429","targetHints":{"allow":["GET"]}}],"collection":[{"href":"https:\/\/hostnetart.com.br\/baixada\/wp-json\/wp\/v2\/posts"}],"about":[{"href":"https:\/\/hostnetart.com.br\/baixada\/wp-json\/wp\/v2\/types\/post"}],"author":[{"embeddable":true,"href":"https:\/\/hostnetart.com.br\/baixada\/wp-json\/wp\/v2\/users\/2"}],"replies":[{"embeddable":true,"href":"https:\/\/hostnetart.com.br\/baixada\/wp-json\/wp\/v2\/comments?post=14429"}],"version-history":[{"count":0,"href":"https:\/\/hostnetart.com.br\/baixada\/wp-json\/wp\/v2\/posts\/14429\/revisions"}],"wp:featuredmedia":[{"embeddable":true,"href":"https:\/\/hostnetart.com.br\/baixada\/wp-json\/wp\/v2\/media\/14428"}],"wp:attachment":[{"href":"https:\/\/hostnetart.com.br\/baixada\/wp-json\/wp\/v2\/media?parent=14429"}],"wp:term":[{"taxonomy":"category","embeddable":true,"href":"https:\/\/hostnetart.com.br\/baixada\/wp-json\/wp\/v2\/categories?post=14429"},{"taxonomy":"post_tag","embeddable":true,"href":"https:\/\/hostnetart.com.br\/baixada\/wp-json\/wp\/v2\/tags?post=14429"}],"curies":[{"name":"wp","href":"https:\/\/api.w.org\/{rel}","templated":true}]}}