{"id":14425,"date":"2023-08-17T13:38:47","date_gmt":"2023-08-17T16:38:47","guid":{"rendered":"https:\/\/hostnetart.com.br\/baixada\/projeto-que-libera-abertura-de-bancos-aos-finais-de-semana-volta-a-tramitar\/"},"modified":"2023-08-17T13:38:47","modified_gmt":"2023-08-17T16:38:47","slug":"projeto-que-libera-abertura-de-bancos-aos-finais-de-semana-volta-a-tramitar","status":"publish","type":"post","link":"https:\/\/hostnetart.com.br\/baixada\/projeto-que-libera-abertura-de-bancos-aos-finais-de-semana-volta-a-tramitar\/","title":{"rendered":"Projeto que libera abertura de bancos aos finais de semana volta a tramitar"},"content":{"rendered":"<p>Representantes da Confedera\u00e7\u00e3o Nacional dos Trabalhadores do Ramo Financeiro (Contraf-CUT) e da Federa\u00e7\u00e3o Nacional das Associa\u00e7\u00f5es do Pessoal da Caixa Econ\u00f4mica Federal (Fenae) se reuniram na segunda-feira (15) com o deputado federal Paulo Fernando dos Santos, o Paul\u00e3o (PT\/AL), para tratar sobre o PL 1043\/2019, que obriga os bancos a abrir as ag\u00eancias aos s\u00e1bados, das 9h \u00e0s 14h, e aos domingos, das 9h \u00e0s 13h. O deputado Paul\u00e3o \u00e9 o novo relator do projeto.<\/p>\n<p>\u201cTrouxemos nossas preocupa\u00e7\u00f5es e posicionamentos ao deputado e mostramos porque defendemos o arquivamento deste projeto\u201d, disse o secret\u00e1rio de Rela\u00e7\u00f5es do Trabalho da Contraf-CUT, Jeferson Meira, o Jef\u00e3o, que \u00e9 o respons\u00e1vel da Confedera\u00e7\u00e3o pelo acompanhamento das pautas de interesse dos trabalhadores em tramita\u00e7\u00e3o no Congresso Nacional. \u201cTrata-se de um projeto pernicioso, que pode aumentar ainda mais a press\u00e3o por metas e o ass\u00e9dio sobre a categoria banc\u00e1ria, e, consequentemente, gerar ainda mais adoecimento de trabalhadores, que j\u00e1 sofre demais com as cobran\u00e7as abusivas\u201d, completou, ao lembrar que para a abertura em casos excepcionais, como feiras e eventos de neg\u00f3cios, ou situa\u00e7\u00f5es emergenciais, s\u00e3o realizados acordos espec\u00edficos para que banc\u00e1rios possam trabalhar em dias n\u00e3o \u00fateis, sem que haja altera\u00e7\u00e3o na jornada de toda a categoria.<\/p>\n<p>Jef\u00e3o explicou ainda que a jornada da categoria \u00e9 reduzida para que haja tempo de relaxamento para os trabalhadores, que desempenham suas tarefas em constante press\u00e3o, seja devido a cobran\u00e7a abusiva de metas pelos gestores, seja porque manipulam grandes quantidades de recursos financeiros, o que gera sensa\u00e7\u00e3o de inseguran\u00e7a e medo de assaltos. \u201cA categoria \u00e9 a que tem maior \u00edndice de\u00a0<a href=\"https:\/\/contrafcut.com.br\/noticias\/categoria-se-mobiliza-para-valorizar-seguranca-e-saude-do-trabalho\" target=\"_blank\" rel=\"noopener noreferrer\">afastamentos para tratamento de sa\u00fade<\/a>, sendo os transtornos mentais o mal de maior incid\u00eancia\u201d, disse.<\/p>\n<p>Segundo o autor da proposta, deputado David Soares (DEM\/SP), o hor\u00e1rio de funcionamento das ag\u00eancias, hoje, se sobrep\u00f5e \u00e0 jornada de trabalho da maioria da popula\u00e7\u00e3o, sendo necess\u00e1ria a abertura das ag\u00eancias nos finais de semana.<br \/>O diretor de Administra\u00e7\u00e3o e Finan\u00e7as da Fenae, Marcos Saraiva, o Marc\u00e3o, contesta a argumenta\u00e7\u00e3o do autor do projeto e explica que a digitaliza\u00e7\u00e3o do setor banc\u00e1rio e o aumento das transa\u00e7\u00f5es digitais \u00e9 uma realidade que contempla a necessidade da popula\u00e7\u00e3o. E ressalta os preju\u00edzos aos trabalhadores.<\/p>\n<p>\u201cSe o objetivo \u00e9 melhorar o atendimento \u00e0 popula\u00e7\u00e3o, deveria aumentar as contrata\u00e7\u00f5es, colocar mais banc\u00e1rios nas ag\u00eancias. Na nossa opini\u00e3o, a inten\u00e7\u00e3o da proposta \u00e9 atender o interesse do mercado financeiro e aumentar ainda mais o lucro dos bancos em detrimento da sa\u00fade dos trabalhadores\u201d, enfatizou Marc\u00e3o.<\/p>\n<h3><strong>Luta antiga<\/strong><\/h3>\n<p>Desde 2019, quando o autor do projeto, apresentou a proposta, o movimento sindical banc\u00e1rio vem lutando contra sua aprova\u00e7\u00e3o, o que levou \u00e0\u00a0<a href=\"https:\/\/contrafcut.com.br\/noticias\/pl-1043-e-retirado-da-pauta-de-votacao\/?swcfpc=1\" target=\"_blank\" rel=\"noopener noreferrer\">retirada de pauta diversas vezes<\/a>. \u201cQueremos mais do que a retirada de pauta, queremos o arquivamento definitivo\u201d, disse Jef\u00e3o.<\/p>\n<p>O dirigente da Contraf-CUT lembra, no entanto, que antes mesmo do PL 1043\/2019, j\u00e1 houve diversas tentativas de aprova\u00e7\u00e3o de leis que autorizam a abertura dos bancos aos finais de semana.<\/p>\n<p>\u201cA pauta j\u00e1 surgiu no Congresso de diversas formas, por projetos de lei ou por medidas provis\u00f3rias. At\u00e9 mesmo colocadas como \u2018jabutis\u2019 em propostas sem qualquer liga\u00e7\u00e3o com o tema. Seja por sua ilegalidade, seja pela press\u00e3o exercida pelos trabalhadores, conseguimos derrub\u00e1-las. Mas o assunto, vira e mexe volta \u00e0 pauta. Com certeza existem interesses escusos nisto\u201d, ressaltou Jef\u00e3o.<\/p>\n<p>\u201cTemos que nos manter mobilizados e continuar acompanhando este projeto e todos os outros que s\u00e3o interesse dos trabalhadores, para lutar contra aqueles que nos prejudicam e apoiar aqueles que nos trazem novas conquistas\u201d, concluiu Jef\u00e3o.<\/p>\n<p><strong>Fonte:\u00a0Contraf-CUT, com Fenae<\/strong><\/p>\n","protected":false},"excerpt":{"rendered":"<p>Representantes da Confedera\u00e7\u00e3o Nacional dos Trabalhadores do Ramo Financeiro (Contraf-CUT) e da Federa\u00e7\u00e3o Nacional das Associa\u00e7\u00f5es do Pessoal da Caixa Econ\u00f4mica Federal (Fenae) se reuniram na segunda-feira (15) com o deputado federal Paulo Fernando dos Santos, o Paul\u00e3o (PT\/AL), para tratar sobre o PL 1043\/2019, que obriga os bancos a abrir as ag\u00eancias aos s\u00e1bados, [&hellip;]<\/p>\n","protected":false},"author":2,"featured_media":14424,"comment_status":"","ping_status":"","sticky":false,"template":"","format":"standard","meta":{"footnotes":""},"categories":[3],"tags":[],"class_list":["post-14425","post","type-post","status-publish","format-standard","has-post-thumbnail","hentry","category-noticias"],"_links":{"self":[{"href":"https:\/\/hostnetart.com.br\/baixada\/wp-json\/wp\/v2\/posts\/14425","targetHints":{"allow":["GET"]}}],"collection":[{"href":"https:\/\/hostnetart.com.br\/baixada\/wp-json\/wp\/v2\/posts"}],"about":[{"href":"https:\/\/hostnetart.com.br\/baixada\/wp-json\/wp\/v2\/types\/post"}],"author":[{"embeddable":true,"href":"https:\/\/hostnetart.com.br\/baixada\/wp-json\/wp\/v2\/users\/2"}],"replies":[{"embeddable":true,"href":"https:\/\/hostnetart.com.br\/baixada\/wp-json\/wp\/v2\/comments?post=14425"}],"version-history":[{"count":0,"href":"https:\/\/hostnetart.com.br\/baixada\/wp-json\/wp\/v2\/posts\/14425\/revisions"}],"wp:featuredmedia":[{"embeddable":true,"href":"https:\/\/hostnetart.com.br\/baixada\/wp-json\/wp\/v2\/media\/14424"}],"wp:attachment":[{"href":"https:\/\/hostnetart.com.br\/baixada\/wp-json\/wp\/v2\/media?parent=14425"}],"wp:term":[{"taxonomy":"category","embeddable":true,"href":"https:\/\/hostnetart.com.br\/baixada\/wp-json\/wp\/v2\/categories?post=14425"},{"taxonomy":"post_tag","embeddable":true,"href":"https:\/\/hostnetart.com.br\/baixada\/wp-json\/wp\/v2\/tags?post=14425"}],"curies":[{"name":"wp","href":"https:\/\/api.w.org\/{rel}","templated":true}]}}