{"id":14423,"date":"2023-08-16T16:55:52","date_gmt":"2023-08-16T19:55:52","guid":{"rendered":"https:\/\/hostnetart.com.br\/baixada\/marcha-das-margaridas-e-marcada-pela-defesa-da-democracia-e-volta-da-reforma-agraria\/"},"modified":"2023-08-16T16:55:52","modified_gmt":"2023-08-16T19:55:52","slug":"marcha-das-margaridas-e-marcada-pela-defesa-da-democracia-e-volta-da-reforma-agraria","status":"publish","type":"post","link":"https:\/\/hostnetart.com.br\/baixada\/marcha-das-margaridas-e-marcada-pela-defesa-da-democracia-e-volta-da-reforma-agraria\/","title":{"rendered":"Marcha das Margaridas \u00e9 marcada pela defesa da democracia e volta da reforma agr\u00e1ria"},"content":{"rendered":"<p>O Planalto Central, em Bras\u00edlia, foi invadido por mais 150 mil de mulheres, de diversos movimentos sociais de todo o pa\u00eds, nos dois dias da Marcha das Margaridas, que terminaram, nesta quarta-feira (16), com uma caminhada at\u00e9 o Congresso Nacional, onde foram recebidas pelo presidente Lula e ministros do governo.<\/p>\n<p>Organizada a cada quatro anos, desde 2000, pela Confedera\u00e7\u00e3o Nacional dos Trabalhadores Rurais Agricultores e Agricultoras Familiares (Contag), a marcha constr\u00f3i, periodicamente, uma pauta para constru\u00e7\u00e3o de pol\u00edticas p\u00fablicas que, neste ano, foi entregue ao poder Executivo em julho. E, hoje, o governo Lula apresentou as seguintes medidas em resposta \u00e0s reivindica\u00e7\u00f5es das margaridas:<\/p>\n<p>\u2022\u00a0\u00a0\u00a0\u00a0\u00a0\u00a0\u00a0\u00a0\u00a0\u00a0\u00a0\u00a0 At\u00e9 2026, a entrega de 90 mil\u00a0<strong>Quintais Produtivos das Mulheres Rurais<\/strong>\u00a0em todo o Brasil, programa de promo\u00e7\u00e3o da seguran\u00e7a alimentar e nutricional e da autonomia econ\u00f4mica.<br \/>\u2022\u00a0\u00a0\u00a0\u00a0\u00a0\u00a0\u00a0\u00a0\u00a0\u00a0\u00a0\u00a0\u00a0<strong>Retomada da Reforma Agr\u00e1ria\u00a0<\/strong>com prioridade para as mulheres rurais \u2013 oito novos assentamentos, 5.711 novas fam\u00edlias assentadas e 40 mil fam\u00edlias regularizadas.<br \/>\u2022\u00a0\u00a0\u00a0\u00a0\u00a0\u00a0\u00a0\u00a0\u00a0\u00a0\u00a0\u00a0\u00a0<strong>Programa Nacional de Cidadania e Bem Viver<\/strong>\u00a0para Mulheres Rurais \u2013 que garante acesso \u00e0 documenta\u00e7\u00e3o, \u00e0 titula\u00e7\u00e3o conjunta da terra e ao territ\u00f3rio \u00e0s mulheres, para que possam viver com dignidade, tendo assegurados seus direitos civis, pol\u00edticos e sociais.<br \/>\u2022\u00a0\u00a0\u00a0\u00a0\u00a0\u00a0\u00a0\u00a0\u00a0\u00a0\u00a0\u00a0\u00a0<strong>Lavanderias Coletivas\u00a0<\/strong>\u2013 projeto piloto com a instala\u00e7\u00e3o de nove unidades em assentamentos em tr\u00eas estados do Nordeste (Piau\u00ed, Rio Grande do Norte e Cear\u00e1).<br \/>\u2022\u00a0\u00a0\u00a0\u00a0\u00a0\u00a0\u00a0\u00a0\u00a0\u00a0\u00a0\u00a0 Cria\u00e7\u00e3o da Comiss\u00e3o Nacional de Enfrentamento \u00e0 Viol\u00eancia no Campo (<strong>CNEVC<\/strong>).<br \/>\u2022\u00a0\u00a0\u00a0\u00a0\u00a0\u00a0\u00a0\u00a0\u00a0\u00a0\u00a0\u00a0\u00a0<strong>Pacto Nacional de Preven\u00e7\u00e3o aos Feminic\u00eddios \u2013<\/strong>\u00a0decreto tem como objetivo prevenir todas as formas de discrimina\u00e7\u00f5es, misoginia e viol\u00eancias de g\u00eanero contra as mulheres por meio de a\u00e7\u00f5es intersetoriais.<br \/>\u2022\u00a0\u00a0\u00a0\u00a0\u00a0\u00a0\u00a0\u00a0\u00a0\u00a0\u00a0\u00a0\u00a0<strong>Bolsa Verde<\/strong>\u00a0\u2013 decreto retoma o Programa de Apoio \u00e0 Conserva\u00e7\u00e3o Ambiental que prev\u00ea um pagamento a fam\u00edlias inseridas em \u00e1reas a serem protegidas ambientalmente e que se enquadrem em situa\u00e7\u00e3o de baixa renda. Antes, o pagamento por fam\u00edlia era de R$ 300. Agora passa a ser de R$ 600.<br \/>\u2022\u00a0\u00a0\u00a0\u00a0\u00a0\u00a0\u00a0\u00a0\u00a0\u00a0\u00a0\u00a0\u00a0<strong>Participa\u00e7\u00e3o Social<\/strong>\u00a0\u2013 decreto institui a Comiss\u00e3o Nacional dos Trabalhadores Empregados Rurais.<\/p>\n<p>Ao ler o conjunto de propostas apresentadas hoje, o ministro do Desenvolvimento Agr\u00e1rio, Paulo Teixeira, destacou que, por oito anos, nenhuma fam\u00edlia foi assentada no Brasil, \u201cpor um acordo no Tribunal de Contas, que trancou os programas de reforma agr\u00e1ria\u201d, e que foi revertido no judici\u00e1rio, este ano, pela atua\u00e7\u00e3o do governo Lula.<\/p>\n<h3>Defesa da democracia<\/h3>\n<p>Ter\u00e7a-feira (15), o primeiro dia dos atos, foi marcado por uma s\u00e9rie de a\u00e7\u00f5es em defesa da democracia, com palestras, rodas de conversa, oficinas e feiras.<\/p>\n<p>\u201cAs margaridas chegaram pra dizer que neste pa\u00eds a democracia n\u00e3o vai mais ser perdida, que n\u00f3s vamos continuar na marcha\u201d, declarou a ministra da Mulher, Cida Gon\u00e7alves, na abertura pol\u00edtica da marcha, que aconteceu no Pavilh\u00e3o de Exposi\u00e7\u00f5es do Parque da Cidade. \u201cN\u00f3s estamos aqui porque n\u00f3s n\u00e3o paramos [ao longo dos \u00faltimos anos], n\u00f3s n\u00e3o desistimos e garantimos, de fato, que a democracia voltasse\u201d, completou.<\/p>\n<p>\u201cVoc\u00eas vieram de longe, de muitos lugares deste Brasil profundo, trazendo a alma profunda das mulheres do Brasil. Mas tem uma raz\u00e3o para n\u00f3s estarmos aqui: porque fomos capazes de colocar no seu devido lugar aquele que afrontou a nossa democracia. Porque sem democracia n\u00e3o h\u00e1 como marchar. Sem democracia o que fazem \u00e9 tentar nos calar\u201d, destacou a ministra do Meio Ambiente e Mudan\u00e7as Clim\u00e1ticas, Marina Silva.<\/p>\n<p>\u201cEssa chegada de voc\u00eas \u00e0 Bras\u00edlia, mais uma vez, representa essa retomada do di\u00e1logo da popula\u00e7\u00e3o, da sociedade civil, com o governo brasileiro\u201d, observou a ministra dos Povos Ind\u00edgenas, S\u00f4nia Guajajara, a primeira mulher ind\u00edgena ministra, em 500 anos de hist\u00f3ria do Brasil.<\/p>\n<h3>Banc\u00e1rias em apoio \u00e0 marcha<\/h3>\n<p>\u201cPela reconstru\u00e7\u00e3o do Brasil e pelo bem viver\u201d foi o lema deste ano do evento que \u00e9 considerado uma das maiores mobiliza\u00e7\u00f5es de rua do mundo.<\/p>\n<p>\u201cA Marcha das Margaridas \u00e9 a express\u00e3o dessa luta da mulher, que \u00e9 semelhante no mundo todo: contra a viol\u00eancia pol\u00edtica, viol\u00eancia dom\u00e9stica, viol\u00eancia sexual, contra o feminic\u00eddio. Aqui em Bras\u00edlia, hoje, somos mais de 150 mil lutando, deixando a nossa voz, a nossa pauta, da independ\u00eancia financeira, do cr\u00e9dito, da terra, do emprego descente\u201d, destacou a presidenta da Confedera\u00e7\u00e3o Nacional dos Trabalhadores do Ramo Financeiro (Contraf-CUT) e vice-presidenta da CUT, Juvandia Moreira.<\/p>\n<p>\u201cAlgumas das pol\u00edticas apresentadas hoje s\u00e3o conquistas de outras marchas como a garantia de acesso \u00e0 documenta\u00e7\u00e3o \u00e0s mulheres do campo, que foi obtida no primeiro governo Lula, mas foram desmontadas ao longo dos \u00faltimos anos\u201d, observou a secret\u00e1ria da Mulher Contraf-CUT, Fernanda Lopes. \u201cEssa marcha, portanto, simboliza a for\u00e7a das mulheres e a reconstru\u00e7\u00e3o dessas pol\u00edticas, com um governo que apoia nossas pautas e entende a import\u00e2ncia do nosso papel na sociedade\u201d, completou.<\/p>\n<p><strong><a href=\"https:\/\/contrafcut.com.br\/fotos\/marcha-das-margaridas-2023\/\" target=\"_blank\" rel=\"noopener noreferrer\">Clique aqui\u00a0<\/a><\/strong>pra ver galeria com mais fotos da Marcha das Margaridas 2023 (Fotografias de Let\u00edcia Alves)<\/p>\n<p><strong>Fonte: Contraf-CUT<\/strong><\/p>\n","protected":false},"excerpt":{"rendered":"<p>O Planalto Central, em Bras\u00edlia, foi invadido por mais 150 mil de mulheres, de diversos movimentos sociais de todo o pa\u00eds, nos dois dias da Marcha das Margaridas, que terminaram, nesta quarta-feira (16), com uma caminhada at\u00e9 o Congresso Nacional, onde foram recebidas pelo presidente Lula e ministros do governo. Organizada a cada quatro anos, [&hellip;]<\/p>\n","protected":false},"author":2,"featured_media":14422,"comment_status":"","ping_status":"","sticky":false,"template":"","format":"standard","meta":{"footnotes":""},"categories":[3],"tags":[],"class_list":["post-14423","post","type-post","status-publish","format-standard","has-post-thumbnail","hentry","category-noticias"],"_links":{"self":[{"href":"https:\/\/hostnetart.com.br\/baixada\/wp-json\/wp\/v2\/posts\/14423","targetHints":{"allow":["GET"]}}],"collection":[{"href":"https:\/\/hostnetart.com.br\/baixada\/wp-json\/wp\/v2\/posts"}],"about":[{"href":"https:\/\/hostnetart.com.br\/baixada\/wp-json\/wp\/v2\/types\/post"}],"author":[{"embeddable":true,"href":"https:\/\/hostnetart.com.br\/baixada\/wp-json\/wp\/v2\/users\/2"}],"replies":[{"embeddable":true,"href":"https:\/\/hostnetart.com.br\/baixada\/wp-json\/wp\/v2\/comments?post=14423"}],"version-history":[{"count":0,"href":"https:\/\/hostnetart.com.br\/baixada\/wp-json\/wp\/v2\/posts\/14423\/revisions"}],"wp:featuredmedia":[{"embeddable":true,"href":"https:\/\/hostnetart.com.br\/baixada\/wp-json\/wp\/v2\/media\/14422"}],"wp:attachment":[{"href":"https:\/\/hostnetart.com.br\/baixada\/wp-json\/wp\/v2\/media?parent=14423"}],"wp:term":[{"taxonomy":"category","embeddable":true,"href":"https:\/\/hostnetart.com.br\/baixada\/wp-json\/wp\/v2\/categories?post=14423"},{"taxonomy":"post_tag","embeddable":true,"href":"https:\/\/hostnetart.com.br\/baixada\/wp-json\/wp\/v2\/tags?post=14423"}],"curies":[{"name":"wp","href":"https:\/\/api.w.org\/{rel}","templated":true}]}}