{"id":14419,"date":"2023-08-16T11:50:47","date_gmt":"2023-08-16T14:50:47","guid":{"rendered":"https:\/\/hostnetart.com.br\/baixada\/santander-reabre-periodo-para-alteracao-ou-adesao-ao-plano-odontologico\/"},"modified":"2023-08-16T11:50:47","modified_gmt":"2023-08-16T14:50:47","slug":"santander-reabre-periodo-para-alteracao-ou-adesao-ao-plano-odontologico","status":"publish","type":"post","link":"https:\/\/hostnetart.com.br\/baixada\/santander-reabre-periodo-para-alteracao-ou-adesao-ao-plano-odontologico\/","title":{"rendered":"Santander reabre per\u00edodo para altera\u00e7\u00e3o ou ades\u00e3o ao plano odontol\u00f3gico"},"content":{"rendered":"<p>O Santander informou que reabriu, nesta ter\u00e7a-feira (15), o per\u00edodo para altera\u00e7\u00f5es e novas ades\u00f5es, por funcion\u00e1rios da ativa e afastados, ao plano odontol\u00f3gico (Interodonto). O prazo encerra-se em 22 de setembro.<\/p>\n<p>Os funcion\u00e1rios do Santander possuem tr\u00eas op\u00e7\u00f5es de plano odontol\u00f3gico:<\/p>\n<ul>\n<li>B\u00e1sico (sem custo ao funcion\u00e1rio e seus dependentes)<\/li>\n<li>Intermedi\u00e1rio 1 (R$ 16,59 por pessoa)<\/li>\n<li>Intermedi\u00e1rio 2 (R$ 31,75 por pessoa)<\/li>\n<\/ul>\n<p>Para realizar a ades\u00e3o ou altera\u00e7\u00e3o no plano odontol\u00f3gico, os funcion\u00e1rios ativos devem acessar o Portal RH ou App Santander Pessoas. J\u00e1 os afastados devem acessar o\u00a0<a href=\"http:\/\/www.santanderportalrh.com.br\/santanderexterno\" target=\"_blank\" rel=\"noopener noreferrer\">Portal RH Externo<\/a>.<\/p>\n<p>Ap\u00f3s a ades\u00e3o ou altera\u00e7\u00e3o, a vig\u00eancia do plano ter\u00e1 in\u00edcio em 1\u00ba de outubro, tanto para utiliza\u00e7\u00e3o dos servi\u00e7os quanto para a cobran\u00e7a da mensalidade do plano escolhido. \u201cA reabertura do per\u00edodo de novas ades\u00f5es e altera\u00e7\u00f5es no plano odontol\u00f3gico \u00e9 muito importante. Esta \u00e9 uma conquista garantida aos funcion\u00e1rios brasileiros do Santander na ACT Santander vigente at\u00e9 31 de agosto de 2024. \u00c9 fundamental que o banco fa\u00e7a uma ampla divulga\u00e7\u00e3o para que todos os interessados possam fazer a ades\u00e3o ou altera\u00e7\u00e3o no prazo estipulado\u201d, disse a coordenadora da Comiss\u00e3o de Organiza\u00e7\u00e3o dos Empregados (COE) do Santander, Wanessa de Queiroz.<\/p>\n<p><strong>Fonte: Contraf-CUT<\/strong><\/p>\n","protected":false},"excerpt":{"rendered":"<p>O Santander informou que reabriu, nesta ter\u00e7a-feira (15), o per\u00edodo para altera\u00e7\u00f5es e novas ades\u00f5es, por funcion\u00e1rios da ativa e afastados, ao plano odontol\u00f3gico (Interodonto). O prazo encerra-se em 22 de setembro. Os funcion\u00e1rios do Santander possuem tr\u00eas op\u00e7\u00f5es de plano odontol\u00f3gico: B\u00e1sico (sem custo ao funcion\u00e1rio e seus dependentes) Intermedi\u00e1rio 1 (R$ 16,59 por [&hellip;]<\/p>\n","protected":false},"author":2,"featured_media":14418,"comment_status":"","ping_status":"","sticky":false,"template":"","format":"standard","meta":{"footnotes":""},"categories":[3],"tags":[],"class_list":["post-14419","post","type-post","status-publish","format-standard","has-post-thumbnail","hentry","category-noticias"],"_links":{"self":[{"href":"https:\/\/hostnetart.com.br\/baixada\/wp-json\/wp\/v2\/posts\/14419","targetHints":{"allow":["GET"]}}],"collection":[{"href":"https:\/\/hostnetart.com.br\/baixada\/wp-json\/wp\/v2\/posts"}],"about":[{"href":"https:\/\/hostnetart.com.br\/baixada\/wp-json\/wp\/v2\/types\/post"}],"author":[{"embeddable":true,"href":"https:\/\/hostnetart.com.br\/baixada\/wp-json\/wp\/v2\/users\/2"}],"replies":[{"embeddable":true,"href":"https:\/\/hostnetart.com.br\/baixada\/wp-json\/wp\/v2\/comments?post=14419"}],"version-history":[{"count":0,"href":"https:\/\/hostnetart.com.br\/baixada\/wp-json\/wp\/v2\/posts\/14419\/revisions"}],"wp:featuredmedia":[{"embeddable":true,"href":"https:\/\/hostnetart.com.br\/baixada\/wp-json\/wp\/v2\/media\/14418"}],"wp:attachment":[{"href":"https:\/\/hostnetart.com.br\/baixada\/wp-json\/wp\/v2\/media?parent=14419"}],"wp:term":[{"taxonomy":"category","embeddable":true,"href":"https:\/\/hostnetart.com.br\/baixada\/wp-json\/wp\/v2\/categories?post=14419"},{"taxonomy":"post_tag","embeddable":true,"href":"https:\/\/hostnetart.com.br\/baixada\/wp-json\/wp\/v2\/tags?post=14419"}],"curies":[{"name":"wp","href":"https:\/\/api.w.org\/{rel}","templated":true}]}}