{"id":14417,"date":"2023-08-16T11:48:35","date_gmt":"2023-08-16T14:48:35","guid":{"rendered":"https:\/\/hostnetart.com.br\/baixada\/novas-plataformas-devem-gerar-movimentacao-de-500-funcionarios-no-bb\/"},"modified":"2023-08-16T11:48:35","modified_gmt":"2023-08-16T14:48:35","slug":"novas-plataformas-devem-gerar-movimentacao-de-500-funcionarios-no-bb","status":"publish","type":"post","link":"https:\/\/hostnetart.com.br\/baixada\/novas-plataformas-devem-gerar-movimentacao-de-500-funcionarios-no-bb\/","title":{"rendered":"Novas plataformas devem gerar movimenta\u00e7\u00e3o de 500 funcion\u00e1rios no BB"},"content":{"rendered":"<p>O Banco do Brasil confirmou a cria\u00e7\u00e3o de novas plataformas de Centrais de Relacionamento (CRBBs) e de Centros de Apoio aos Neg\u00f3cios e Opera\u00e7\u00f5es de Log\u00edstica (CENOPs). As informa\u00e7\u00f5es foram apresentadas \u00e0 Comiss\u00e3o de Empresa dos Funcion\u00e1rios do Banco do Brasil (CEBB), nesta \u00faltima ter\u00e7a-feira, 15 de agosto.<\/p>\n<p>Danilo Funke Leme, Diretor de Bancos Federais e representante da Federa\u00e7\u00e3o dos Trabalhadores do Ramo Financeiro dos Estados do Rio de Janeiro e Esp\u00edrito Santo (Fetraf-RJ\/ES) na CEBB, participou e representou a entidade na reuni\u00e3o.<\/p>\n<p>Ao todo, ser\u00e3o 14 novas unidades (12 CENOPs e 2 CRBBs), localizadas em m\u00e9dias e pequenas cidades. \u201cA cria\u00e7\u00e3o dessas plataformas v\u00e3o gerar uma din\u00e2mica de movimenta\u00e7\u00e3o de cargos dentro da empresa. Ent\u00e3o, conversamos com o banco sobre qual ser\u00e1 o impacto disso e quais s\u00e3o as solu\u00e7\u00f5es para demandas que j\u00e1 v\u00ednhamos colocando h\u00e1 anos nas mesas de negocia\u00e7\u00e3o, que s\u00e3o a alta quantidade de claros [termo para vagas n\u00e3o ocupadas] nos prefixos e a prote\u00e7\u00e3o dos funcion\u00e1rios que s\u00e3o caixas\u201d, disse a coordenadora da CEBB, Fernanda Lopes.<\/p>\n<p>Segundo o banco, a cria\u00e7\u00e3o das 14 plataformas, at\u00e9 novembro, ir\u00e1 gerar cerca de 300 vagas de assistentes e atendentes, nas CENOPs e nos CRRBs, e outras 200 vagas para assessor III, nas unidades estrat\u00e9gicas em Bras\u00edlia.<\/p>\n<h3>Impactos no encarreiramento<\/h3>\n<p>Os funcion\u00e1rios que hoje exercem ou recebem a remunera\u00e7\u00e3o de caixa executivo e que forem do mesmo munic\u00edpio onde ser\u00e3o criadas as plataformas, ter\u00e3o, no per\u00edodo de 30 dias, exclusividade para concorrer \u00e0s vagas nos novos CENOPs e CRBBs.<\/p>\n<p>O banco declarou ainda que a movimenta\u00e7\u00e3o n\u00e3o causar\u00e1 impacto na vida do trabalhador que n\u00e3o se candidatar ao certame interno, tampouco haver\u00e1 transfer\u00eancias compuls\u00f3rias para preenchimento das vagas.<\/p>\n<p>Em paralelo, o banco anunciou tamb\u00e9m que, ainda no m\u00eas de agosto, ocorrer\u00e1 a abertura do Sistema Autom\u00e1tico de Concorr\u00eancia \u00e0 Remo\u00e7\u00e3o (SACR) e o in\u00edcio da convoca\u00e7\u00e3o das pessoas que passaram no \u00faltimo concurso, realizado pelo banco em abril.<\/p>\n<p>Com o SACR, funcion\u00e1rios que querem mudar de prefixo, ter\u00e3o a oportunidade de se movimentar para outras cidades ou regi\u00f5es do pa\u00eds. Al\u00e9m disso, no prazo de 30 dias, os trabalhadores de tr\u00eas cargos \u2013 caixas executivos, assistentes e atendentes -, ter\u00e3o prioridade para concorrer \u00e0s vagas de assessor III nas unidades estrat\u00e9gicas em Bras\u00edlia.<\/p>\n<p>\u201cN\u00f3s ressaltamos para o banco que ainda precisamos de abertura de muitas vagas para atender a demanda de trabalho dos departamentos e unidades de neg\u00f3cio com claros. O \u00faltimo concurso n\u00e3o foi suficiente para suprir as vagas abertas. Hoje o BB tem o menor n\u00famero de funcion\u00e1rios nos \u00faltimos 18 anos, e a sobrecarga de trabalho ainda \u00e9 muito grande. Por isso, reiteramos a abertura de novos concursos para ingresso e mais funcion\u00e1rios no banco\u201d, disse o representante da Federa\u00e7\u00e3o dos Banc\u00e1rios da CUT do Estado de S\u00e3o Paulo (Fetec-CUT\/SP) na CEBB, Get\u00falio Maciel.<\/p>\n<p>\u201cDeve haver novas rodadas de nomea\u00e7\u00e3o e ascens\u00e3o, principalmente para cobrir as vagas de atendente e assistentes que possam ser promovidos para dire\u00e7\u00e3o geral como assessor III. O movimento sindical ir\u00e1 acompanhar esse processo. Isso resolve paliativamente a sobrecarga de tarefas nas CRBBs e nos CENOPs, necessitando, portanto, de aumento de dota\u00e7\u00e3o e de funcion\u00e1rios pra atendimento das demandas que dizem respeito a esses departamentos\u201d, completou.<\/p>\n<p>A empresa ainda destacou que acontecer\u00e3o ajustes pontuais nas dota\u00e7\u00f5es de escritur\u00e1rios das ag\u00eancias, pela imposta\u00e7\u00e3o de concorr\u00eancia do SACR. E, com o objetivo de priorizar a participa\u00e7\u00e3o dos escritur\u00e1rios que adentraram na empresa no \u00faltimo concurso, o BB ir\u00e1 flexibilizar o tempo de car\u00eancia de 18 para 12 meses na fun\u00e7\u00e3o, bem como para as depend\u00eancias que t\u00eam at\u00e9 10% de vagas faltantes.<\/p>\n<h3>Entenda:<\/h3>\n<p>\u2022\u00a0\u00a0\u00a0\u00a0\u00a0\u00a0\u00a0\u00a0\u00a0\u00a0\u00a0\u00a0 At\u00e9 novembro, 14 novas plataformas especializadas ser\u00e3o criadas: 12 CENOPs e 2 CRBBs;<br \/>\u2022\u00a0\u00a0\u00a0\u00a0\u00a0\u00a0\u00a0\u00a0\u00a0\u00a0\u00a0\u00a0 As plataformas ser\u00e3o implantadas em pequenas e m\u00e9dias cidades, de tr\u00eas regi\u00f5es do pa\u00eds (Sudeste, Centro-Oeste e Norte);<br \/>\u2022\u00a0\u00a0\u00a0\u00a0\u00a0\u00a0\u00a0\u00a0\u00a0\u00a0\u00a0\u00a0 Funcion\u00e1rios que hoje exercem ou recebem a remunera\u00e7\u00e3o de caixa executivo e que forem do mesmo munic\u00edpio ter\u00e3o, durante 30 dias, prioridade na concorr\u00eancia das vagas nas novas CENOPs e CRBBs;<br \/>\u2022\u00a0\u00a0\u00a0\u00a0\u00a0\u00a0\u00a0\u00a0\u00a0\u00a0\u00a0\u00a0 Al\u00e9m disso, durante 30 dias, caixas executivos, assistentes e atendentes ter\u00e3o prioridade para concorrer \u00e0s vagas de assessor III nas unidades estrat\u00e9gicas;<br \/>\u2022\u00a0\u00a0\u00a0\u00a0\u00a0\u00a0\u00a0\u00a0\u00a0\u00a0\u00a0\u00a0 Tamb\u00e9m foi anunciado que, ainda em agosto, ocorrer\u00e1 a abertura do SACR, por meio do qual funcion\u00e1rios poder\u00e3o se inscrever para vagas em outros prefixos;<br \/>\u2022\u00a0\u00a0\u00a0\u00a0\u00a0\u00a0\u00a0\u00a0\u00a0\u00a0\u00a0\u00a0 O banco tamb\u00e9m promete convocar pessoas que passaram no \u00faltimo concurso, realizado em abril.<br \/>\u2022\u00a0\u00a0\u00a0\u00a0\u00a0\u00a0\u00a0\u00a0\u00a0\u00a0\u00a0\u00a0 O movimento sindical ir\u00e1 acompanhar toda essa movimenta\u00e7\u00e3o para que n\u00e3o haja preju\u00edzo \u00e0s funcion\u00e1rias e aos funcion\u00e1rios.<\/p>\n<p><strong>Fonte: Fetraf RJ\/ES<\/strong><\/p>\n","protected":false},"excerpt":{"rendered":"<p>O Banco do Brasil confirmou a cria\u00e7\u00e3o de novas plataformas de Centrais de Relacionamento (CRBBs) e de Centros de Apoio aos Neg\u00f3cios e Opera\u00e7\u00f5es de Log\u00edstica (CENOPs). As informa\u00e7\u00f5es foram apresentadas \u00e0 Comiss\u00e3o de Empresa dos Funcion\u00e1rios do Banco do Brasil (CEBB), nesta \u00faltima ter\u00e7a-feira, 15 de agosto. Danilo Funke Leme, Diretor de Bancos Federais [&hellip;]<\/p>\n","protected":false},"author":2,"featured_media":14416,"comment_status":"","ping_status":"","sticky":false,"template":"","format":"standard","meta":{"footnotes":""},"categories":[3],"tags":[],"class_list":["post-14417","post","type-post","status-publish","format-standard","has-post-thumbnail","hentry","category-noticias"],"_links":{"self":[{"href":"https:\/\/hostnetart.com.br\/baixada\/wp-json\/wp\/v2\/posts\/14417","targetHints":{"allow":["GET"]}}],"collection":[{"href":"https:\/\/hostnetart.com.br\/baixada\/wp-json\/wp\/v2\/posts"}],"about":[{"href":"https:\/\/hostnetart.com.br\/baixada\/wp-json\/wp\/v2\/types\/post"}],"author":[{"embeddable":true,"href":"https:\/\/hostnetart.com.br\/baixada\/wp-json\/wp\/v2\/users\/2"}],"replies":[{"embeddable":true,"href":"https:\/\/hostnetart.com.br\/baixada\/wp-json\/wp\/v2\/comments?post=14417"}],"version-history":[{"count":0,"href":"https:\/\/hostnetart.com.br\/baixada\/wp-json\/wp\/v2\/posts\/14417\/revisions"}],"wp:featuredmedia":[{"embeddable":true,"href":"https:\/\/hostnetart.com.br\/baixada\/wp-json\/wp\/v2\/media\/14416"}],"wp:attachment":[{"href":"https:\/\/hostnetart.com.br\/baixada\/wp-json\/wp\/v2\/media?parent=14417"}],"wp:term":[{"taxonomy":"category","embeddable":true,"href":"https:\/\/hostnetart.com.br\/baixada\/wp-json\/wp\/v2\/categories?post=14417"},{"taxonomy":"post_tag","embeddable":true,"href":"https:\/\/hostnetart.com.br\/baixada\/wp-json\/wp\/v2\/tags?post=14417"}],"curies":[{"name":"wp","href":"https:\/\/api.w.org\/{rel}","templated":true}]}}