{"id":14415,"date":"2023-08-15T16:31:39","date_gmt":"2023-08-15T19:31:39","guid":{"rendered":"https:\/\/hostnetart.com.br\/baixada\/edital-de-convocacao-assembleia-geral-extraordinaria-especifica\/"},"modified":"2023-08-15T16:31:39","modified_gmt":"2023-08-15T19:31:39","slug":"edital-de-convocacao-assembleia-geral-extraordinaria-especifica","status":"publish","type":"post","link":"https:\/\/hostnetart.com.br\/baixada\/edital-de-convocacao-assembleia-geral-extraordinaria-especifica\/","title":{"rendered":"EDITAL DE CONVOCA\u00c7\u00c3O &#8211; ASSEMBLEIA GERAL EXTRAORDIN\u00c1RIA\u00a0ESPEC\u00cdFICA"},"content":{"rendered":"<p style=\"text-align: center;\">\n","protected":false},"excerpt":{"rendered":"","protected":false},"author":1,"featured_media":14414,"comment_status":"","ping_status":"","sticky":false,"template":"","format":"standard","meta":{"footnotes":""},"categories":[7],"tags":[],"class_list":["post-14415","post","type-post","status-publish","format-standard","has-post-thumbnail","hentry","category-edital"],"_links":{"self":[{"href":"https:\/\/hostnetart.com.br\/baixada\/wp-json\/wp\/v2\/posts\/14415","targetHints":{"allow":["GET"]}}],"collection":[{"href":"https:\/\/hostnetart.com.br\/baixada\/wp-json\/wp\/v2\/posts"}],"about":[{"href":"https:\/\/hostnetart.com.br\/baixada\/wp-json\/wp\/v2\/types\/post"}],"author":[{"embeddable":true,"href":"https:\/\/hostnetart.com.br\/baixada\/wp-json\/wp\/v2\/users\/1"}],"replies":[{"embeddable":true,"href":"https:\/\/hostnetart.com.br\/baixada\/wp-json\/wp\/v2\/comments?post=14415"}],"version-history":[{"count":0,"href":"https:\/\/hostnetart.com.br\/baixada\/wp-json\/wp\/v2\/posts\/14415\/revisions"}],"wp:featuredmedia":[{"embeddable":true,"href":"https:\/\/hostnetart.com.br\/baixada\/wp-json\/wp\/v2\/media\/14414"}],"wp:attachment":[{"href":"https:\/\/hostnetart.com.br\/baixada\/wp-json\/wp\/v2\/media?parent=14415"}],"wp:term":[{"taxonomy":"category","embeddable":true,"href":"https:\/\/hostnetart.com.br\/baixada\/wp-json\/wp\/v2\/categories?post=14415"},{"taxonomy":"post_tag","embeddable":true,"href":"https:\/\/hostnetart.com.br\/baixada\/wp-json\/wp\/v2\/tags?post=14415"}],"curies":[{"name":"wp","href":"https:\/\/api.w.org\/{rel}","templated":true}]}}