{"id":14411,"date":"2023-08-15T13:30:19","date_gmt":"2023-08-15T16:30:19","guid":{"rendered":"https:\/\/hostnetart.com.br\/baixada\/pesquisa-mostra-nova-reducao-no-emprego-bancario\/"},"modified":"2023-08-15T13:30:19","modified_gmt":"2023-08-15T16:30:19","slug":"pesquisa-mostra-nova-reducao-no-emprego-bancario","status":"publish","type":"post","link":"https:\/\/hostnetart.com.br\/baixada\/pesquisa-mostra-nova-reducao-no-emprego-bancario\/","title":{"rendered":"Pesquisa mostra nova redu\u00e7\u00e3o no emprego banc\u00e1rio"},"content":{"rendered":"<p>A Pesquisa do Emprego Banc\u00e1rio (PEB) de agosto mostra que o movimento de redu\u00e7\u00e3o de vagas continua no setor. Segundo o levantamento, feito pelo Departamento Intersindical de Estat\u00edstica e Estudos Socioecon\u00f4micos (Dieese), a partir dos dados do Cadastro Geral de Empregados e Desempregados (Novo Caged), no primeiro semestre de 2023, foram fechados mais de 5 mil postos de trabalho. No acumulado em 12 meses, de julho de 2022 a junho de 2023, o resultado foi de 4,6 mil vagas a menos.<\/p>\n<p>As \u00e1reas mais afetadas foram a banc\u00e1ria\/financeira (redu\u00e7\u00e3o de 3.385 vagas no semestre e de 2.629 em 12 meses), a administrativa (1.329 e 2.124) e atendimento ao p\u00fablico (199 e 299). A tecnologia da informa\u00e7\u00e3o (TI), embora tenha fechado 273 postos de janeiro a junho de 2023, no per\u00edodo de um ano, apresentou saldo positivo de 312 contrata\u00e7\u00f5es.<\/p>\n<p>Para o secret\u00e1rio de Assuntos Socioecon\u00f4micos da Contraf-CUT, Walcir Previtale, \u201cos n\u00fameros mostram uma tend\u00eancia j\u00e1 conhecida, que \u00e9 um sinal de alerta para a categoria, pois a elimina\u00e7\u00e3o de postos de trabalho tem ocorrido de maneira generalizada, em todas as \u00e1reas\u201d. O dirigente acrescenta que \u201cos principais bancos caminham no sentido contr\u00e1rio da gera\u00e7\u00e3o de emprego e renda, com pol\u00edticas de fechamento de ag\u00eancias, terceiriza\u00e7\u00e3o e demiss\u00e3o de trabalhadores, ao mesmo tempo em que apresentam balan\u00e7os bilion\u00e1rios, com alta lucratividade, drenando para os seus cofres boa parte da riqueza socialmente produzida\u201d. Walcir ainda questiona: \u201cEssa situa\u00e7\u00e3o \u00e9 inadmiss\u00edvel e precisa ser mudada, afinal qual \u00e9 o papel do sistema financeiro em nossa sociedade?\u201d<\/p>\n<p>O resultado do primeiro semestre do ano tamb\u00e9m mostra que as posi\u00e7\u00f5es de gerenciamento foram as mais afetadas. Consideradas apenas as ocupa\u00e7\u00f5es gerentes de contas de pessoa f\u00edsica e jur\u00eddica, administrativo, de ag\u00eancia e de clientes especiais, foram eliminadas 3.072 vagas. No mesmo per\u00edodo, ocorreu, ainda, o fechamento de 542 postos de escritur\u00e1rio. Por outro lado, os maiores saldos positivos foram para caixa de banco (mais 858 vagas), programador de sistemas de informa\u00e7\u00e3o (193) e t\u00e9cnico de manuten\u00e7\u00e3o de sistemas e instrumentos (167).<\/p>\n<h3><strong>Movimenta\u00e7\u00e3o<\/strong><\/h3>\n<p>Em junho de 2023, \u00faltimo m\u00eas inclu\u00eddo no estudo do Dieese, o saldo negativo foi de 899 postos, resultado decorrente de 2.718 admiss\u00f5es contra 3.617 desligamentos. Os n\u00fameros revelam que, nesse m\u00eas, 57,8% dos desligamentos ocorreram por demiss\u00e3o sem justa causa, 35,9% por pedido do trabalhador e 2,9% por justa causa.<\/p>\n<p>No recorte geogr\u00e1fico, em apenas cinco estados observa-se saldo ligeiramente positivo. A redu\u00e7\u00e3o de vagas se deu em 21 estados, com destaque para S\u00e3o Paulo (424 postos), Rio de Janeiro (167) e Minas Gerais (84).<\/p>\n<h3><strong>Idade e sexo<\/strong><\/h3>\n<p>Uma vez mais, o resultado negativo foi mais acentuado entre as mulheres, que representaram 45,9% das admiss\u00f5es e 50,4% dos desligamentos. Na quest\u00e3o das faixas et\u00e1rias, \u00e9 poss\u00edvel observar saldo positivo entre as faixas at\u00e9 29 anos, com amplia\u00e7\u00e3o de 502 vagas, com movimento contr\u00e1rio entre as faixas et\u00e1rias superiores, com fechamento de 1.401 vagas.<\/p>\n<h3><strong>Remunera\u00e7\u00e3o<\/strong><\/h3>\n<p>O sal\u00e1rio mensal m\u00e9dio do banc\u00e1rio admitido em junho alcan\u00e7ou o valor de R$ 6.308,16, enquanto o do desligado era de R$ 7.496,81, ou seja, o admitido passou a ganhar 84,14% do desligado. \u201cEsse \u00e9 um mecanismo adotado pelos bancos, que usam a movimenta\u00e7\u00e3o da massa de m\u00e3o de obra para reduzir a folha salarial\u201d, critica Walcir. \u201cClaro que os mais jovens t\u00eam que ter sua oportunidade no mercado de trabalho, mas isso n\u00e3o pode ser usado pelos bancos para afastar o contratado com mais experi\u00eancia, da mesma forma a representa\u00e7\u00e3o de g\u00eanero deve ser igualit\u00e1ria, e n\u00e3o estamos vendo isso\u201d, completa.<\/p>\n<h3><strong>Ramo financeiro<\/strong><\/h3>\n<p>No ramo financeiro, exclu\u00edda a categoria banc\u00e1ria, o saldo foi positivo em junho, com a abertura de 1.714 postos de trabalho. Em 12 meses, foram criadas 16,2 mil vagas, m\u00e9dia de 1,3 mil por m\u00eas, com destaque para cr\u00e9dito cooperativo (mais 1.015 postos), planos de sa\u00fade (229) e administra\u00e7\u00e3o de cart\u00f5es de cr\u00e9dito (176).<\/p>\n<h3><strong>Emprego formal<\/strong><\/h3>\n<p>Conforme o Novo Caged, o emprego com carteira assinada no Brasil apresentou expans\u00e3o de 157.198 postos em junho, com 1.914.130 admiss\u00f5es e 1.756.932 desligamentos. Os saldos foram positivos em todos os Grandes Grupamentos de Atividades Econ\u00f4micas: Servi\u00e7os (76.420), Agropecu\u00e1ria (27.159), Constru\u00e7\u00e3o (20.953), Com\u00e9rcio (20.554) e Ind\u00fastria (12.117).<\/p>\n<p>Os resultados gerais, que incluem o emprego formal e informal, no trimestre m\u00f3vel de abril a junho, mostram desocupa\u00e7\u00e3o de 8% (8,6 milh\u00f5es de desempregados). A subutiliza\u00e7\u00e3o da for\u00e7a de trabalho foi estimada em 17,8% (20,4 milh\u00f5es de pessoas que queriam e precisavam trabalhar mais horas) e os desalentados (aqueles que n\u00e3o t\u00eam mais est\u00edmulo para procurar trabalho) chegaram a 3,6 milh\u00f5es.<\/p>\n<p>Veja aqui a\u00a0<a href=\"https:\/\/contrafcut.com.br\/peb-no-25-agosto-2023\/\" target=\"_blank\" rel=\"noopener noreferrer\">Pesquisa do Emprego Banc\u00e1rio de agosto de 2023<\/a>, feita pelo Dieese.<\/p>\n<p><strong>Fonte: Contraf-CUT<\/strong><\/p>\n","protected":false},"excerpt":{"rendered":"<p>A Pesquisa do Emprego Banc\u00e1rio (PEB) de agosto mostra que o movimento de redu\u00e7\u00e3o de vagas continua no setor. Segundo o levantamento, feito pelo Departamento Intersindical de Estat\u00edstica e Estudos Socioecon\u00f4micos (Dieese), a partir dos dados do Cadastro Geral de Empregados e Desempregados (Novo Caged), no primeiro semestre de 2023, foram fechados mais de 5 [&hellip;]<\/p>\n","protected":false},"author":2,"featured_media":14410,"comment_status":"","ping_status":"","sticky":false,"template":"","format":"standard","meta":{"footnotes":""},"categories":[3],"tags":[],"class_list":["post-14411","post","type-post","status-publish","format-standard","has-post-thumbnail","hentry","category-noticias"],"_links":{"self":[{"href":"https:\/\/hostnetart.com.br\/baixada\/wp-json\/wp\/v2\/posts\/14411","targetHints":{"allow":["GET"]}}],"collection":[{"href":"https:\/\/hostnetart.com.br\/baixada\/wp-json\/wp\/v2\/posts"}],"about":[{"href":"https:\/\/hostnetart.com.br\/baixada\/wp-json\/wp\/v2\/types\/post"}],"author":[{"embeddable":true,"href":"https:\/\/hostnetart.com.br\/baixada\/wp-json\/wp\/v2\/users\/2"}],"replies":[{"embeddable":true,"href":"https:\/\/hostnetart.com.br\/baixada\/wp-json\/wp\/v2\/comments?post=14411"}],"version-history":[{"count":0,"href":"https:\/\/hostnetart.com.br\/baixada\/wp-json\/wp\/v2\/posts\/14411\/revisions"}],"wp:featuredmedia":[{"embeddable":true,"href":"https:\/\/hostnetart.com.br\/baixada\/wp-json\/wp\/v2\/media\/14410"}],"wp:attachment":[{"href":"https:\/\/hostnetart.com.br\/baixada\/wp-json\/wp\/v2\/media?parent=14411"}],"wp:term":[{"taxonomy":"category","embeddable":true,"href":"https:\/\/hostnetart.com.br\/baixada\/wp-json\/wp\/v2\/categories?post=14411"},{"taxonomy":"post_tag","embeddable":true,"href":"https:\/\/hostnetart.com.br\/baixada\/wp-json\/wp\/v2\/tags?post=14411"}],"curies":[{"name":"wp","href":"https:\/\/api.w.org\/{rel}","templated":true}]}}