{"id":14405,"date":"2023-08-11T12:59:25","date_gmt":"2023-08-11T15:59:25","guid":{"rendered":"https:\/\/hostnetart.com.br\/baixada\/caixa-negociacao-sobre-metas-esta-confirmada\/"},"modified":"2023-08-11T12:59:25","modified_gmt":"2023-08-11T15:59:25","slug":"caixa-negociacao-sobre-metas-esta-confirmada","status":"publish","type":"post","link":"https:\/\/hostnetart.com.br\/baixada\/caixa-negociacao-sobre-metas-esta-confirmada\/","title":{"rendered":"Caixa: Negocia\u00e7\u00e3o sobre metas est\u00e1 confirmada"},"content":{"rendered":"<p>A Confedera\u00e7\u00e3o Nacional dos Trabalhadores do Ramo Financeiro (Contraf-CUT) enviou um of\u00edcio para a Caixa Econ\u00f4mica Federal, na \u00faltima ter\u00e7a-feira (8), refor\u00e7ando a necessidade da reuni\u00e3o pr\u00e9-agendada para o dia 16 de agosto (quarta-feira) para tratar sobre o tema metas e as formas de seu acompanhamento pelo banco.<\/p>\n<p>A Caixa entrou em contato com a representa\u00e7\u00e3o das empregadas e empregados nesta quarta-feira (9) e solicitou que, ao inv\u00e9s do 16, a reuni\u00e3o ocorra no dia 17.<\/p>\n<p>\u201cA reuni\u00e3o se faz urgente, pois entidades de todo o pa\u00eds est\u00e3o recebendo reclama\u00e7\u00f5es de que existem metas estabelecidas que s\u00e3o imposs\u00edveis de serem cumpridas, como as que estabelecem volume de financiamento a ser concedido, sem que haja dota\u00e7\u00e3o or\u00e7ament\u00e1ria\u201d, diz um trecho do of\u00edcio. \u201cExistem muitos produtos atrelados aos contratos de financiamento. Com isso, o cumprimento das metas estabelecidas para o estabelecimento de contratos destes produtos tamb\u00e9m fica prejudicado\u201d, disse a coordenadora da Comiss\u00e3o Executiva dos Empregados (CEE) da Caixa, Fabiana Uehara Proscholdt. \u201cMas existem diversas pend\u00eancias que aguardam solu\u00e7\u00e3o. Por isso, \u00e9 urgente a reuni\u00e3o\u201d, refor\u00e7ou a coordenadora da CEE.<\/p>\n<p>O of\u00edcio ainda refor\u00e7a que \u201co referido tema j\u00e1 foi cobrado em outras oportunidades e conforme a Conven\u00e7\u00e3o Coletiva de Trabalho 2022\/2024, cl\u00e1usula 87, existe o compromisso da Caixa em fazer o debate.\u201d<\/p>\n<p><strong>Fonte: Contraf-CUT<\/strong><\/p>\n","protected":false},"excerpt":{"rendered":"<p>A Confedera\u00e7\u00e3o Nacional dos Trabalhadores do Ramo Financeiro (Contraf-CUT) enviou um of\u00edcio para a Caixa Econ\u00f4mica Federal, na \u00faltima ter\u00e7a-feira (8), refor\u00e7ando a necessidade da reuni\u00e3o pr\u00e9-agendada para o dia 16 de agosto (quarta-feira) para tratar sobre o tema metas e as formas de seu acompanhamento pelo banco. A Caixa entrou em contato com a [&hellip;]<\/p>\n","protected":false},"author":2,"featured_media":14404,"comment_status":"","ping_status":"","sticky":false,"template":"","format":"standard","meta":{"footnotes":""},"categories":[3],"tags":[],"class_list":["post-14405","post","type-post","status-publish","format-standard","has-post-thumbnail","hentry","category-noticias"],"_links":{"self":[{"href":"https:\/\/hostnetart.com.br\/baixada\/wp-json\/wp\/v2\/posts\/14405","targetHints":{"allow":["GET"]}}],"collection":[{"href":"https:\/\/hostnetart.com.br\/baixada\/wp-json\/wp\/v2\/posts"}],"about":[{"href":"https:\/\/hostnetart.com.br\/baixada\/wp-json\/wp\/v2\/types\/post"}],"author":[{"embeddable":true,"href":"https:\/\/hostnetart.com.br\/baixada\/wp-json\/wp\/v2\/users\/2"}],"replies":[{"embeddable":true,"href":"https:\/\/hostnetart.com.br\/baixada\/wp-json\/wp\/v2\/comments?post=14405"}],"version-history":[{"count":0,"href":"https:\/\/hostnetart.com.br\/baixada\/wp-json\/wp\/v2\/posts\/14405\/revisions"}],"wp:featuredmedia":[{"embeddable":true,"href":"https:\/\/hostnetart.com.br\/baixada\/wp-json\/wp\/v2\/media\/14404"}],"wp:attachment":[{"href":"https:\/\/hostnetart.com.br\/baixada\/wp-json\/wp\/v2\/media?parent=14405"}],"wp:term":[{"taxonomy":"category","embeddable":true,"href":"https:\/\/hostnetart.com.br\/baixada\/wp-json\/wp\/v2\/categories?post=14405"},{"taxonomy":"post_tag","embeddable":true,"href":"https:\/\/hostnetart.com.br\/baixada\/wp-json\/wp\/v2\/tags?post=14405"}],"curies":[{"name":"wp","href":"https:\/\/api.w.org\/{rel}","templated":true}]}}