{"id":14399,"date":"2023-08-10T14:09:52","date_gmt":"2023-08-10T17:09:52","guid":{"rendered":"https:\/\/hostnetart.com.br\/baixada\/17-cecut-rio-comeca-nesta-quinta-10\/"},"modified":"2023-08-10T14:09:52","modified_gmt":"2023-08-10T17:09:52","slug":"17-cecut-rio-comeca-nesta-quinta-10","status":"publish","type":"post","link":"https:\/\/hostnetart.com.br\/baixada\/17-cecut-rio-comeca-nesta-quinta-10\/","title":{"rendered":"17\u00ba CECUT-RIO come\u00e7a nesta quinta (10)"},"content":{"rendered":"<p>Come\u00e7a nesta quinta-feira, 10 de agosto, o 17\u00b0 Congresso Estadual da Central \u00danica dos Trabalhadores do Estado do Rio de Janeiro (CUT-Rio).<\/p>\n<p>O evento ocorre no Sindicato dos Trabalhadores em Telecomunica\u00e7\u00f5es (Sinttel-RJ), localizado no bairro do Maracan\u00e3, no Rio de Janeiro, onde estar\u00e3o reunidos sindicatos de todo o estado, debatendo propostas que interferem no dia a dia das trabalhadoras e dos trabalhadores.<\/p>\n<p>O Sindicato dos Banc\u00e1rios da Baixada Fluminense ser\u00e1 representado pelos diretores e diretoras: Renata Soeiro, Newton Fran\u00e7a e Solange Ribeiro.<\/p>\n<p>Ser\u00e3o discutidos temas de fortalecimento do sindicalismo cutista e organiza\u00e7\u00e3o interna, al\u00e9m de eleger a nova diretoria que ficar\u00e1 \u00e0 frente da CUT-Rio no per\u00edodo de 2023-2027.<\/p>\n<p>O primeiro encontro ser\u00e1 realizado de forma h\u00edbrida, online pelo YouTube da CUT-Rio (@CUTRio) e presencial no Sinttel-Rio.<\/p>\n<p>Ap\u00f3s a abertura, ir\u00e3o acontecer mais dois encontros: dias 11 e 12 de agosto, totalmente presenciais.<\/p>\n<p><strong>Confira a programa\u00e7\u00e3o abaixo.<\/strong><\/p>\n<p><img fetchpriority=\"high\" decoding=\"async\" class=\"alignnone size-full wp-image-22172\" src=\"https:\/\/fetrafrjes.org.br\/wp-content\/uploads\/2023\/08\/cecut-2.jpg\" alt=\"\" width=\"720\" height=\"1027\" \/><\/p>\n<p>a<\/p>\n","protected":false},"excerpt":{"rendered":"<p>Come\u00e7a nesta quinta-feira, 10 de agosto, o 17\u00b0 Congresso Estadual da Central \u00danica dos Trabalhadores do Estado do Rio de Janeiro (CUT-Rio). O evento ocorre no Sindicato dos Trabalhadores em Telecomunica\u00e7\u00f5es (Sinttel-RJ), localizado no bairro do Maracan\u00e3, no Rio de Janeiro, onde estar\u00e3o reunidos sindicatos de todo o estado, debatendo propostas que interferem no dia [&hellip;]<\/p>\n","protected":false},"author":2,"featured_media":14398,"comment_status":"","ping_status":"","sticky":false,"template":"","format":"standard","meta":{"footnotes":""},"categories":[3],"tags":[],"class_list":["post-14399","post","type-post","status-publish","format-standard","has-post-thumbnail","hentry","category-noticias"],"_links":{"self":[{"href":"https:\/\/hostnetart.com.br\/baixada\/wp-json\/wp\/v2\/posts\/14399","targetHints":{"allow":["GET"]}}],"collection":[{"href":"https:\/\/hostnetart.com.br\/baixada\/wp-json\/wp\/v2\/posts"}],"about":[{"href":"https:\/\/hostnetart.com.br\/baixada\/wp-json\/wp\/v2\/types\/post"}],"author":[{"embeddable":true,"href":"https:\/\/hostnetart.com.br\/baixada\/wp-json\/wp\/v2\/users\/2"}],"replies":[{"embeddable":true,"href":"https:\/\/hostnetart.com.br\/baixada\/wp-json\/wp\/v2\/comments?post=14399"}],"version-history":[{"count":0,"href":"https:\/\/hostnetart.com.br\/baixada\/wp-json\/wp\/v2\/posts\/14399\/revisions"}],"wp:featuredmedia":[{"embeddable":true,"href":"https:\/\/hostnetart.com.br\/baixada\/wp-json\/wp\/v2\/media\/14398"}],"wp:attachment":[{"href":"https:\/\/hostnetart.com.br\/baixada\/wp-json\/wp\/v2\/media?parent=14399"}],"wp:term":[{"taxonomy":"category","embeddable":true,"href":"https:\/\/hostnetart.com.br\/baixada\/wp-json\/wp\/v2\/categories?post=14399"},{"taxonomy":"post_tag","embeddable":true,"href":"https:\/\/hostnetart.com.br\/baixada\/wp-json\/wp\/v2\/tags?post=14399"}],"curies":[{"name":"wp","href":"https:\/\/api.w.org\/{rel}","templated":true}]}}