{"id":14393,"date":"2023-08-09T20:22:13","date_gmt":"2023-08-09T23:22:13","guid":{"rendered":"https:\/\/hostnetart.com.br\/baixada\/inscreva-se-na-oficina-formativa-sobre-marcha-das-margaridas-nesta-quinta\/"},"modified":"2023-08-09T20:22:13","modified_gmt":"2023-08-09T23:22:13","slug":"inscreva-se-na-oficina-formativa-sobre-marcha-das-margaridas-nesta-quinta","status":"publish","type":"post","link":"https:\/\/hostnetart.com.br\/baixada\/inscreva-se-na-oficina-formativa-sobre-marcha-das-margaridas-nesta-quinta\/","title":{"rendered":"Inscreva-se na oficina formativa sobre Marcha das Margaridas, nesta quinta"},"content":{"rendered":"<p>Acontece nesta quinta-feira (10), a partir das 19h, pela plataforma Zoom, oficina formativa sobre a Marcha das Margaridas, evento que acontece em Bras\u00edlia, a cada quatro anos. Em 2023, ocorrer\u00e1 entre os dias 15 e 16 de agosto.<\/p>\n<p>\u201cEsta ser\u00e1 a 7\u00aa Marcha das Margaridas, com previs\u00e3o de reunir mais de 100 mil mulheres\u201d, explica a secret\u00e1ria da Mulher da Confedera\u00e7\u00e3o Nacional dos Trabalhadores do Ramo Financeiro (Contraf-CUT), Fernanda Lopes. \u201cNeste curso, que ser\u00e1 ministrado em parceria com a Confedera\u00e7\u00e3o Nacional dos Trabalhadores na Agricultura (Contag), vamos falar da hist\u00f3ria da marcha, principais conquistas, o lema deste ano, al\u00e9m dos eixos formativos e a programa\u00e7\u00e3o de 2023\u201d, destaca.<\/p>\n<p>\u201cEsse curso \u00e9 essencial porque a Marcha das Margaridas \u00e9 uma das maiores mobiliza\u00e7\u00f5es mundiais de rua e a oficina ajudar\u00e1 as pessoas a conhecer mais sua hist\u00f3ria e din\u00e2mica de constru\u00e7\u00e3o\u201d, observou o secret\u00e1rio de Forma\u00e7\u00e3o da Contraf-CUT, Rafael Zanon.\u00a0<\/p>\n<h3>Curso<\/h3>\n<p><strong>Tema: <\/strong>Por que marchamos? Margaridas em luta pela reconstru\u00e7\u00e3o do Brasil e pelo bem viver<\/p>\n<p><strong>Quando:<\/strong> Quinta, 10 de agosto, \u00e0s 19h<\/p>\n<p><strong><a href=\"https:\/\/us06web.zoom.us\/meeting\/register\/tZYofuivqj8rHNVUyLXyUvg4jvWqdwWGyRT0\" target=\"_blank\" rel=\"noopener noreferrer\">Clique aqui para inscrever-se <\/a><\/strong>e receber o link do curso, que ser\u00e1 enviado por e-mail.<\/p>\n<h3>Hist\u00f3rico<\/h3>\n<p>O nome da marcha foi inspirado em Margarida Maria Alves. A nordestina e trabalhadora rural, ocupou por 12 anos a Presid\u00eancia do Sindicato dos Trabalhadores Rurais de Alagoa Grande, na Para\u00edba, onde rompeu os padr\u00f5es tradicionais de g\u00eanero no movimento sindical.<\/p>\n<p>A trajet\u00f3ria de Margarida, morta cruelmente em frente de sua casa, no dia 12 de agosto de 1983, inclui a luta pelo direito \u00e0 terra, pela reforma agr\u00e1ria, por educa\u00e7\u00e3o, igualdade, direitos trabalhistas e vida digna para trabalhadores e trabalhadoras rurais.<\/p>\n<p><strong>Fonte: Contraf-CUT<\/strong><\/p>\n","protected":false},"excerpt":{"rendered":"<p>Acontece nesta quinta-feira (10), a partir das 19h, pela plataforma Zoom, oficina formativa sobre a Marcha das Margaridas, evento que acontece em Bras\u00edlia, a cada quatro anos. Em 2023, ocorrer\u00e1 entre os dias 15 e 16 de agosto. \u201cEsta ser\u00e1 a 7\u00aa Marcha das Margaridas, com previs\u00e3o de reunir mais de 100 mil mulheres\u201d, explica [&hellip;]<\/p>\n","protected":false},"author":2,"featured_media":14392,"comment_status":"","ping_status":"","sticky":false,"template":"","format":"standard","meta":{"footnotes":""},"categories":[3],"tags":[],"class_list":["post-14393","post","type-post","status-publish","format-standard","has-post-thumbnail","hentry","category-noticias"],"_links":{"self":[{"href":"https:\/\/hostnetart.com.br\/baixada\/wp-json\/wp\/v2\/posts\/14393","targetHints":{"allow":["GET"]}}],"collection":[{"href":"https:\/\/hostnetart.com.br\/baixada\/wp-json\/wp\/v2\/posts"}],"about":[{"href":"https:\/\/hostnetart.com.br\/baixada\/wp-json\/wp\/v2\/types\/post"}],"author":[{"embeddable":true,"href":"https:\/\/hostnetart.com.br\/baixada\/wp-json\/wp\/v2\/users\/2"}],"replies":[{"embeddable":true,"href":"https:\/\/hostnetart.com.br\/baixada\/wp-json\/wp\/v2\/comments?post=14393"}],"version-history":[{"count":0,"href":"https:\/\/hostnetart.com.br\/baixada\/wp-json\/wp\/v2\/posts\/14393\/revisions"}],"wp:featuredmedia":[{"embeddable":true,"href":"https:\/\/hostnetart.com.br\/baixada\/wp-json\/wp\/v2\/media\/14392"}],"wp:attachment":[{"href":"https:\/\/hostnetart.com.br\/baixada\/wp-json\/wp\/v2\/media?parent=14393"}],"wp:term":[{"taxonomy":"category","embeddable":true,"href":"https:\/\/hostnetart.com.br\/baixada\/wp-json\/wp\/v2\/categories?post=14393"},{"taxonomy":"post_tag","embeddable":true,"href":"https:\/\/hostnetart.com.br\/baixada\/wp-json\/wp\/v2\/tags?post=14393"}],"curies":[{"name":"wp","href":"https:\/\/api.w.org\/{rel}","templated":true}]}}